{"id":996,"date":"2022-09-13T20:35:54","date_gmt":"2022-09-13T23:35:54","guid":{"rendered":"http:\/\/sites.uft.edu.br\/uma\/?p=996"},"modified":"2022-10-19T14:47:07","modified_gmt":"2022-10-19T17:47:07","slug":"uma-e-conselho-nacional-dos-direitos-da-pessoa-idosa-lancam-concurso-de-redacao","status":"publish","type":"post","link":"https:\/\/sites.uft.edu.br\/uma\/uma-e-conselho-nacional-dos-direitos-da-pessoa-idosa-lancam-concurso-de-redacao\/","title":{"rendered":"UMA e Conselho Nacional dos Direitos da Pessoa Idosa lan\u00e7am concurso de reda\u00e7\u00e3o"},"content":{"rendered":"<p><em>O concurso visa premiar reda\u00e7\u00f5es e cr\u00f4nicas com o tema \u201cO papel da pessoa idosa no s\u00e9culo XXI\u201d<\/em><\/p>\n<p>A edi\u00e7\u00e3o desta ter\u00e7a-feira (13) do Di\u00e1rio Oficial da Uni\u00e3o (DOU) apresentou os\u00a0Editais Pr\u00eamios Liter\u00e1rios, que v\u00e3o premiar reda\u00e7\u00f5es e cr\u00f4nicas com o tema \u201cO papel da pessoa idosa no s\u00e9culo XXI\u201d. Com inscri\u00e7\u00f5es abertas at\u00e9 28 de outubro, o concurso \u00e9 promovido pela Universidade da Maturidade (UMA) &#8211; Programa de Extens\u00e3o da Universidade Federal do Tocantins (UFT) &#8211; e Conselho Nacional dos Direitos da Pessoa Idosa, por interm\u00e9dio da Secretaria Nacional de Promo\u00e7\u00e3o e Defesa dos Direitos da Pessoa Idosa do Minist\u00e9rio da Mulher, da Fam\u00edlia e dos Direitos Humanos (SNDPI\/MMFDH).<\/p>\n<p>O <a href=\"http:\/\/EDITAL N\u00ba 1, DE 12 de setembro de 2022 - EDITAL N\u00ba 1, DE 12 de setembro de 2022 - DOU - Imprensa Nacional\" target=\"_blank\" rel=\"noopener\">edital n\u00ba1<\/a> \u2013 Concurso de Reda\u00e7\u00e3o\u00a0\u00e9 direcionado aos estudantes da rede p\u00fablica de ensino e tem como finalidade conhecer como os jovens brasileiros enxergam e interagem com as pessoas idosas e despertar, neles, a conscientiza\u00e7\u00e3o de que o envelhecimento \u00e9 um caminho natural para todos. J\u00e1 o\u00a0edital n\u00ba2 \u2013 Concurso de Cr\u00f4nicas, dirigido a pessoas com idade igual ou superior a 60 anos, visa incentivar a produ\u00e7\u00e3o liter\u00e1ria desse p\u00fablico e contribuir para o envelhecimento ativo e saud\u00e1vel.<\/p>\n<p>A premia\u00e7\u00e3o, para ambos os concursos, varia de R$2 mil a R$8 mil por obra liter\u00e1ria, dependendo da coloca\u00e7\u00e3o conquistada. Ser\u00e3o premiadas as 25 melhores reda\u00e7\u00f5es bem como as 25 melhores cr\u00f4nicas e, al\u00e9m do valor em dinheiro, os autores ser\u00e3o convidados para participar pessoalmente da cerim\u00f4nia de premia\u00e7\u00e3o em Bras\u00edlia (DF), a ser realizada ap\u00f3s o per\u00edodo de defeso eleitoral.<\/p>\n<p>A professora Neila Os\u00f3rio, coordenadora da UMA e do concurso, ressalta que a a\u00e7\u00e3o \u00e9 &#8220;um reconhecimento aos que pensam e escrevem sobre a velhice. Uma forma de reconhecer o protagonismo dos cidad\u00e3os de primeira classe de todo o Brasil&#8221;, disse.<\/p>\n<p><img loading=\"lazy\" decoding=\"async\" class=\"alignnone size-medium wp-image-1026\" src=\"http:\/\/sites.uft.edu.br\/uma\/wp-content\/uploads\/2022\/09\/WhatsApp-Image-2022-10-18-at-16.05.30-300x300.jpeg\" alt=\"\" width=\"300\" height=\"300\" srcset=\"https:\/\/sites.uft.edu.br\/uma\/wp-content\/uploads\/2022\/09\/WhatsApp-Image-2022-10-18-at-16.05.30-300x300.jpeg 300w, https:\/\/sites.uft.edu.br\/uma\/wp-content\/uploads\/2022\/09\/WhatsApp-Image-2022-10-18-at-16.05.30-1024x1024.jpeg 1024w, https:\/\/sites.uft.edu.br\/uma\/wp-content\/uploads\/2022\/09\/WhatsApp-Image-2022-10-18-at-16.05.30-150x150.jpeg 150w, https:\/\/sites.uft.edu.br\/uma\/wp-content\/uploads\/2022\/09\/WhatsApp-Image-2022-10-18-at-16.05.30-768x768.jpeg 768w, https:\/\/sites.uft.edu.br\/uma\/wp-content\/uploads\/2022\/09\/WhatsApp-Image-2022-10-18-at-16.05.30.jpeg 1080w\" sizes=\"(max-width: 300px) 100vw, 300px\" \/><\/p>\n<p><strong>Intergeracionalidade<\/strong><\/p>\n<p>A iniciativa dos pr\u00eamios liter\u00e1rios visa celebrar a d\u00e9cada de 2021 a 2030, institu\u00edda como \u201cD\u00e9cada do Envelhecimento Saud\u00e1vel\u201d, conforme declarado na Assembleia Geral das Na\u00e7\u00f5es Unidas (ONU). Diversas iniciativas ser\u00e3o realizadas, como parte da D\u00e9cada, para mudar a forma como pensamos, sentimos e agimos em rela\u00e7\u00e3o \u00e0 idade e ao envelhecimento; facilitar a capacidade das pessoas idosas de participar e de contribuir com a comunidade e a sociedade; prestar aten\u00e7\u00e3o integrada e servi\u00e7os de sa\u00fade prim\u00e1rios que atendam \u00e0s necessidades do indiv\u00edduo; e prover acesso aos cuidados de longa dura\u00e7\u00e3o para pessoas idosas que deles necessitem.<\/p>\n<p><strong>Confira os editais\u00a0<\/strong><\/p>\n<p><a href=\"http:\/\/sites.uft.edu.br\/uma\/wp-content\/uploads\/2022\/09\/SEI_MDH-3169577-Edital-no-01-2022_Redacao.pdf\">SEI_MDH &#8211; 3169577 &#8211; Edital n\u00ba 01-2022_Reda\u00e7\u00e3o<\/a><\/p>\n<p><a href=\"http:\/\/sites.uft.edu.br\/uma\/wp-content\/uploads\/2022\/09\/SEI_MDH-3170851-Edital-no-02-2022_Cronicas.pdf\">SEI_MDH &#8211; 3170851 &#8211; Edital n\u00ba 02-2022_Cr\u00f4nicas<\/a><\/p>\n","protected":false},"excerpt":{"rendered":"<p>O concurso visa premiar reda\u00e7\u00f5es e cr\u00f4nicas com o tema \u201cO papel da pessoa idosa no s\u00e9culo XXI\u201d A edi\u00e7\u00e3o desta ter\u00e7a-feira (13) do Di\u00e1rio Oficial da Uni\u00e3o (DOU) apresentou os\u00a0Editais Pr\u00eamios Liter\u00e1rios, que v\u00e3o premiar reda\u00e7\u00f5es e cr\u00f4nicas com o tema \u201cO papel da pessoa idosa no s\u00e9culo XXI\u201d. Com inscri\u00e7\u00f5es abertas at\u00e9 28 [&hellip;]<\/p>\n","protected":false},"author":2,"featured_media":1025,"comment_status":"closed","ping_status":"closed","sticky":false,"template":"","format":"standard","meta":{"footnotes":""},"categories":[1],"tags":[],"_links":{"self":[{"href":"https:\/\/sites.uft.edu.br\/uma\/wp-json\/wp\/v2\/posts\/996"}],"collection":[{"href":"https:\/\/sites.uft.edu.br\/uma\/wp-json\/wp\/v2\/posts"}],"about":[{"href":"https:\/\/sites.uft.edu.br\/uma\/wp-json\/wp\/v2\/types\/post"}],"author":[{"embeddable":true,"href":"https:\/\/sites.uft.edu.br\/uma\/wp-json\/wp\/v2\/users\/2"}],"replies":[{"embeddable":true,"href":"https:\/\/sites.uft.edu.br\/uma\/wp-json\/wp\/v2\/comments?post=996"}],"version-history":[{"count":4,"href":"https:\/\/sites.uft.edu.br\/uma\/wp-json\/wp\/v2\/posts\/996\/revisions"}],"predecessor-version":[{"id":1028,"href":"https:\/\/sites.uft.edu.br\/uma\/wp-json\/wp\/v2\/posts\/996\/revisions\/1028"}],"wp:featuredmedia":[{"embeddable":true,"href":"https:\/\/sites.uft.edu.br\/uma\/wp-json\/wp\/v2\/media\/1025"}],"wp:attachment":[{"href":"https:\/\/sites.uft.edu.br\/uma\/wp-json\/wp\/v2\/media?parent=996"}],"wp:term":[{"taxonomy":"category","embeddable":true,"href":"https:\/\/sites.uft.edu.br\/uma\/wp-json\/wp\/v2\/categories?post=996"},{"taxonomy":"post_tag","embeddable":true,"href":"https:\/\/sites.uft.edu.br\/uma\/wp-json\/wp\/v2\/tags?post=996"}],"curies":[{"name":"wp","href":"https:\/\/api.w.org\/{rel}","templated":true}]}}