{"id":971,"date":"2022-07-25T16:05:15","date_gmt":"2022-07-25T19:05:15","guid":{"rendered":"http:\/\/sites.uft.edu.br\/uma\/?p=971"},"modified":"2022-07-25T16:05:15","modified_gmt":"2022-07-25T19:05:15","slug":"no-dia-dos-avos-universidade-da-maturidade-lanca-curso-de-brinquedista","status":"publish","type":"post","link":"https:\/\/sites.uft.edu.br\/uma\/no-dia-dos-avos-universidade-da-maturidade-lanca-curso-de-brinquedista\/","title":{"rendered":"No Dia dos Av\u00f3s, Universidade da Maturidade lan\u00e7a curso de brinquedista"},"content":{"rendered":"<p><em>As inscri\u00e7\u00f5es come\u00e7am nesta ter\u00e7a-feira, 26, e seguem at\u00e9 o dia 19 de agosto<\/em><\/p>\n<p>Como parte da programa\u00e7\u00e3o de comemora\u00e7\u00e3o do Dia dos Av\u00f3s, a Universidade da Maturidade (UMA) &#8211; programa de extens\u00e3o da Universidade Federal do Tocantins (UFT), por meio de Centro Intergeracional Sarah Gomes, lan\u00e7a nesta ter\u00e7a, 26, \u00e0s 14h30, no C\u00e2mpus Palmas, o Curso de Extens\u00e3o Piloto para Forma\u00e7\u00e3o de Brinquedistas. As inscri\u00e7\u00f5es seguem at\u00e9 o dia 19 de agosto e podem ser realizadas por meio do link<a href=\"https:\/\/bit.ly\/3S1kurc.\" target=\"_blank\" rel=\"noopener\"> https:\/\/bit.ly\/3S1kurc.<\/a><\/p>\n<p>O curso \u00e9 totalmente gratuito e tem como objetivo ofertar forma\u00e7\u00e3o te\u00f3rica e pr\u00e1tica aos trabalhadores que ocupam as brinquedotecas, com a finalidade de profissionalizar e contribuir socialmente, fomentando o conhecimento como base para um atendimento de qualidade e humanit\u00e1rio. O curso ser\u00e1 dividido em aulas te\u00f3ricas desenvolvendo a compreens\u00e3o da fun\u00e7\u00e3o e atividades pr\u00e1ticas.<\/p>\n<p>A coordenadora da UMA e do Centro Sarah Gomes, professora Neila Os\u00f3rio, ressalta a import\u00e2ncia da realiza\u00e7\u00e3o do curso. \u201cEsses profissionais s\u00e3o respons\u00e1veis pela media\u00e7\u00e3o entre o brincar e tem como atribui\u00e7\u00e3o fazer desse espa\u00e7o de brincadeira um lugar organizado, onde as crian\u00e7as de qualquer idade possam interagir de forma harmoniosa e principalmente com seguran\u00e7a nesse ambiente\u201d.<\/p>\n<p>O curso de brinquedista \u00e9 aberto para toda a comunidade e tem carga hor\u00e1rio de 60 horas. O in\u00edcio das aulas est\u00e1 previsto para o dia 22 de agosto com encontros de forma virtual pela plataforma Google Meet, duas vezes por semana, das 9h \u00e0s 10h. O est\u00e1gio ser\u00e1 realizado de forma presencial.<\/p>\n<p><strong>Dia dos Av\u00f3s<\/strong><\/p>\n<p>Ainda em comemora\u00e7\u00e3o ao Dia dos Av\u00f3s, celebrado anualmente em 26 de julho, ser\u00e1 realizada, \u00e0s 8h, na Avenida JK (em frente ao pr\u00e9dio da prefeitura), em Palmas, a Blitz do Abra\u00e7o com acad\u00eamicos da UMA e seus netos.<\/p>\n","protected":false},"excerpt":{"rendered":"<p>As inscri\u00e7\u00f5es come\u00e7am nesta ter\u00e7a-feira, 26, e seguem at\u00e9 o dia 19 de agosto Como parte da programa\u00e7\u00e3o de comemora\u00e7\u00e3o do Dia dos Av\u00f3s, a Universidade da Maturidade (UMA) &#8211; programa de extens\u00e3o da Universidade Federal do Tocantins (UFT), por meio de Centro Intergeracional Sarah Gomes, lan\u00e7a nesta ter\u00e7a, 26, \u00e0s 14h30, no C\u00e2mpus Palmas, [&hellip;]<\/p>\n","protected":false},"author":2,"featured_media":731,"comment_status":"closed","ping_status":"closed","sticky":false,"template":"","format":"standard","meta":{"footnotes":""},"categories":[1],"tags":[],"_links":{"self":[{"href":"https:\/\/sites.uft.edu.br\/uma\/wp-json\/wp\/v2\/posts\/971"}],"collection":[{"href":"https:\/\/sites.uft.edu.br\/uma\/wp-json\/wp\/v2\/posts"}],"about":[{"href":"https:\/\/sites.uft.edu.br\/uma\/wp-json\/wp\/v2\/types\/post"}],"author":[{"embeddable":true,"href":"https:\/\/sites.uft.edu.br\/uma\/wp-json\/wp\/v2\/users\/2"}],"replies":[{"embeddable":true,"href":"https:\/\/sites.uft.edu.br\/uma\/wp-json\/wp\/v2\/comments?post=971"}],"version-history":[{"count":1,"href":"https:\/\/sites.uft.edu.br\/uma\/wp-json\/wp\/v2\/posts\/971\/revisions"}],"predecessor-version":[{"id":973,"href":"https:\/\/sites.uft.edu.br\/uma\/wp-json\/wp\/v2\/posts\/971\/revisions\/973"}],"wp:featuredmedia":[{"embeddable":true,"href":"https:\/\/sites.uft.edu.br\/uma\/wp-json\/wp\/v2\/media\/731"}],"wp:attachment":[{"href":"https:\/\/sites.uft.edu.br\/uma\/wp-json\/wp\/v2\/media?parent=971"}],"wp:term":[{"taxonomy":"category","embeddable":true,"href":"https:\/\/sites.uft.edu.br\/uma\/wp-json\/wp\/v2\/categories?post=971"},{"taxonomy":"post_tag","embeddable":true,"href":"https:\/\/sites.uft.edu.br\/uma\/wp-json\/wp\/v2\/tags?post=971"}],"curies":[{"name":"wp","href":"https:\/\/api.w.org\/{rel}","templated":true}]}}