{"id":967,"date":"2022-06-22T12:30:08","date_gmt":"2022-06-22T15:30:08","guid":{"rendered":"http:\/\/sites.uft.edu.br\/uma\/?p=967"},"modified":"2022-06-22T12:30:08","modified_gmt":"2022-06-22T15:30:08","slug":"universidade-da-maturidade-e-unicatolica-inauguram-jardim-sensorial-no-campus-palmas-da-uft-nesta-sexta-feira","status":"publish","type":"post","link":"https:\/\/sites.uft.edu.br\/uma\/universidade-da-maturidade-e-unicatolica-inauguram-jardim-sensorial-no-campus-palmas-da-uft-nesta-sexta-feira\/","title":{"rendered":"Universidade da Maturidade e UniCat\u00f3lica inauguram jardim sensorial no C\u00e2mpus Palmas da UFT nesta sexta-feira"},"content":{"rendered":"<p><em>O jardim sensorial \u00e9 um espa\u00e7o para aprecia\u00e7\u00e3o da natureza e bem-estar<\/em><\/p>\n<p>Constru\u00eddo pelos acad\u00eamicos da disciplina de Meio Ambiente e Sustentabilidade do curso de Arquitetura e Urbanismo do Centro Universit\u00e1rio Cat\u00f3lica do Tocantins (UniCat\u00f3lica) e da Universidade da Maturidade (UMA) \u2013 programa de extens\u00e3o da Universidade Federal do Tocantins (UFT), ser\u00e1 inaugurado nesta sexta-feira, 24, \u00e0s 14 horas, no C\u00e2mpus Palmas, o jardim sensorial da Maturidade que ser\u00e1 um espa\u00e7o para aprecia\u00e7\u00e3o da natureza e bem-estar. O projeto foi desenvolvido por meio do Programa de Educa\u00e7\u00e3o Ambiental (PEA) do Observat\u00f3rio de Ecologia Integral.<\/p>\n<p>No local, ser\u00e3o trabalhadas as experi\u00eancias sensitivas relacionadas aos \u00f3rg\u00e3os do sentido (audi\u00e7\u00e3o, vis\u00e3o, tato e olfato), bem como a propriocep\u00e7\u00e3o na intera\u00e7\u00e3o humano-natureza-espa\u00e7o, provocando os participantes quanto a a\u00e7\u00f5es conscientes de cuidado com o ambiente.<\/p>\n<p>Uma das respons\u00e1veis pela a a\u00e7\u00e3o, a professora Chryss Macedo, coordenadora do PEA e que ministra a disciplina Meio Ambiente e Sustentabilidade, afirma que durante o processo de constru\u00e7\u00e3o o objetivo foi promover a inclus\u00e3o e a aproxima\u00e7\u00e3o dos acad\u00eamicos do UniCat\u00f3lica com os acad\u00eamicos da UMA\/UFT , por meio da extens\u00e3o. \u201cEu acredito que n\u00e3o se deve s\u00f3 estudar a educa\u00e7\u00e3o ambiental, mas sim colocar a m\u00e3o na massa e, desta forma, poder contribuir com a sociedade\u201d, disse.<\/p>\n<p>Chryss Macedo refor\u00e7a tamb\u00e9m que a atividade oportunizou encontros e pr\u00e1ticas regulares que promoveram uma integra\u00e7\u00e3o intergeracional, acessibilidade, inclus\u00e3o social, meio ambiente com atividades educativas, l\u00fadicas e experi\u00eancias sensoriais.<\/p>\n<p>O coordenador da UMA, professor doutor Luiz Sin\u00e9sio Neto, destaca que a a\u00e7\u00e3o representa uma integra\u00e7\u00e3o n\u00e3o s\u00f3 entre duas institui\u00e7\u00f5es de ensino, mas tamb\u00e9m uma verdadeira educa\u00e7\u00e3o entre os idosos e os jovens acad\u00eamicos.<\/p>\n<p>O Jardim Sensorial foi constru\u00eddo com materiais como: restos de constru\u00e7\u00e3o, madeiras, mudas de hortali\u00e7as, flores, plantas medicinais, pneus, entre outros, que foram doados pela comunidade. O espa\u00e7o \u00e9 um local para aprecia\u00e7\u00e3o da natureza e bem-estar para a comunidade universit\u00e1ria.<\/p>\n","protected":false},"excerpt":{"rendered":"<p>O jardim sensorial \u00e9 um espa\u00e7o para aprecia\u00e7\u00e3o da natureza e bem-estar Constru\u00eddo pelos acad\u00eamicos da disciplina de Meio Ambiente e Sustentabilidade do curso de Arquitetura e Urbanismo do Centro Universit\u00e1rio Cat\u00f3lica do Tocantins (UniCat\u00f3lica) e da Universidade da Maturidade (UMA) \u2013 programa de extens\u00e3o da Universidade Federal do Tocantins (UFT), ser\u00e1 inaugurado nesta sexta-feira, [&hellip;]<\/p>\n","protected":false},"author":2,"featured_media":969,"comment_status":"closed","ping_status":"closed","sticky":false,"template":"","format":"standard","meta":{"footnotes":""},"categories":[1],"tags":[],"_links":{"self":[{"href":"https:\/\/sites.uft.edu.br\/uma\/wp-json\/wp\/v2\/posts\/967"}],"collection":[{"href":"https:\/\/sites.uft.edu.br\/uma\/wp-json\/wp\/v2\/posts"}],"about":[{"href":"https:\/\/sites.uft.edu.br\/uma\/wp-json\/wp\/v2\/types\/post"}],"author":[{"embeddable":true,"href":"https:\/\/sites.uft.edu.br\/uma\/wp-json\/wp\/v2\/users\/2"}],"replies":[{"embeddable":true,"href":"https:\/\/sites.uft.edu.br\/uma\/wp-json\/wp\/v2\/comments?post=967"}],"version-history":[{"count":1,"href":"https:\/\/sites.uft.edu.br\/uma\/wp-json\/wp\/v2\/posts\/967\/revisions"}],"predecessor-version":[{"id":970,"href":"https:\/\/sites.uft.edu.br\/uma\/wp-json\/wp\/v2\/posts\/967\/revisions\/970"}],"wp:featuredmedia":[{"embeddable":true,"href":"https:\/\/sites.uft.edu.br\/uma\/wp-json\/wp\/v2\/media\/969"}],"wp:attachment":[{"href":"https:\/\/sites.uft.edu.br\/uma\/wp-json\/wp\/v2\/media?parent=967"}],"wp:term":[{"taxonomy":"category","embeddable":true,"href":"https:\/\/sites.uft.edu.br\/uma\/wp-json\/wp\/v2\/categories?post=967"},{"taxonomy":"post_tag","embeddable":true,"href":"https:\/\/sites.uft.edu.br\/uma\/wp-json\/wp\/v2\/tags?post=967"}],"curies":[{"name":"wp","href":"https:\/\/api.w.org\/{rel}","templated":true}]}}