{"id":963,"date":"2022-06-15T12:00:24","date_gmt":"2022-06-15T15:00:24","guid":{"rendered":"http:\/\/sites.uft.edu.br\/uma\/?p=963"},"modified":"2022-06-15T12:00:24","modified_gmt":"2022-06-15T15:00:24","slug":"uma-e-mpto-realizam-live-sobre-o-dia-mundial-de-conscientizacao-da-violencia-contra-a-pessoa-idosa","status":"publish","type":"post","link":"https:\/\/sites.uft.edu.br\/uma\/uma-e-mpto-realizam-live-sobre-o-dia-mundial-de-conscientizacao-da-violencia-contra-a-pessoa-idosa\/","title":{"rendered":"UMA e MPTO realizam live sobre o Dia Mundial de Conscientiza\u00e7\u00e3o da Viol\u00eancia contra a Pessoa Idosa"},"content":{"rendered":"<p><i>A live ser\u00e1 transmitida pelo canal no YouTube umauft<\/i><\/p>\n<p>Nesta quarta-feira, 15 de junho, Dia Mundial de Conscientiza\u00e7\u00e3o da Viol\u00eancia contra a Pessoa Idosa, a Universidade da Maturidade (UMA) \u2013 Programa de Extens\u00e3o da Universidade Federal do Tocantins (UFT) realiza live em parceria com o Minist\u00e9rio P\u00fablico Estadual (MPTO), para discutir dados e como combater este tipo de crime. A transmiss\u00e3o ocorrer\u00e1 \u00e0s 14h pelo canal da UMA no YouTube (<a href=\"https:\/\/www.youtube.com\/watch?v=Co0vFKcDMy4\" target=\"_blank\" rel=\"noopener\" data-saferedirecturl=\"https:\/\/www.google.com\/url?q=https:\/\/www.youtube.com\/watch?v%3DCo0vFKcDMy4&amp;source=gmail&amp;ust=1655391461670000&amp;usg=AOvVaw3oybT5_4YHQOoQySaKfpfT\">https:\/\/www.youtube.com\/<wbr \/>watch?v=Co0vFKcDMy4<\/a>).<\/p>\n<p>A viol\u00eancia contra o idoso pode ser definida como um ato \u00fanico, repetido ou a falta de a\u00e7\u00e3o apropriada, ocorrendo em qualquer relacionamento em que exista uma expectativa de confian\u00e7a que cause dano ou sofrimento a uma pessoa idosa. \u00c9 uma quest\u00e3o social global que afeta a sa\u00fade e os direitos humanos de milh\u00f5es de idosos em todo o mundo e que merece a aten\u00e7\u00e3o da comunidade internacional.<\/p>\n<p>O coordenador da UMA, professor doutor Luiz Sin\u00e9sio Neto, que participar\u00e1 da live juntamente com a doutora Isabelle Rocha Valen\u00e7a Figueiredo, promotora de justi\u00e7a do MPTO, ressalta que discutir esse assunto tamb\u00e9m \u00e9 papel da universidade, pois \u00e9 dever da institui\u00e7\u00e3o procurar maneiras de combater esse tipo de viol\u00eancia.<\/p>\n<p><b>15 de junho<\/b><\/p>\n<p>O Dia Mundial da Conscientiza\u00e7\u00e3o da Viol\u00eancia Contra a Pessoa Idosa foi oficialmente reconhecido pela Assembl\u00e9ia Geral das Na\u00e7\u00f5es Unidas em 2011, ap\u00f3s solicita\u00e7\u00e3o da Rede Internacional de Preven\u00e7\u00e3o ao Abuso de Idosos (INPEA), que estabeleceu a comemora\u00e7\u00e3o em junho de 2006.<span style=\"color: #888888;\"><br clear=\"all\" \/><\/span><\/p>\n<div><\/div>\n","protected":false},"excerpt":{"rendered":"<p>A live ser\u00e1 transmitida pelo canal no YouTube umauft Nesta quarta-feira, 15 de junho, Dia Mundial de Conscientiza\u00e7\u00e3o da Viol\u00eancia contra a Pessoa Idosa, a Universidade da Maturidade (UMA) \u2013 Programa de Extens\u00e3o da Universidade Federal do Tocantins (UFT) realiza live em parceria com o Minist\u00e9rio P\u00fablico Estadual (MPTO), para discutir dados e como combater [&hellip;]<\/p>\n","protected":false},"author":2,"featured_media":964,"comment_status":"closed","ping_status":"closed","sticky":false,"template":"","format":"standard","meta":{"footnotes":""},"categories":[1],"tags":[],"_links":{"self":[{"href":"https:\/\/sites.uft.edu.br\/uma\/wp-json\/wp\/v2\/posts\/963"}],"collection":[{"href":"https:\/\/sites.uft.edu.br\/uma\/wp-json\/wp\/v2\/posts"}],"about":[{"href":"https:\/\/sites.uft.edu.br\/uma\/wp-json\/wp\/v2\/types\/post"}],"author":[{"embeddable":true,"href":"https:\/\/sites.uft.edu.br\/uma\/wp-json\/wp\/v2\/users\/2"}],"replies":[{"embeddable":true,"href":"https:\/\/sites.uft.edu.br\/uma\/wp-json\/wp\/v2\/comments?post=963"}],"version-history":[{"count":1,"href":"https:\/\/sites.uft.edu.br\/uma\/wp-json\/wp\/v2\/posts\/963\/revisions"}],"predecessor-version":[{"id":965,"href":"https:\/\/sites.uft.edu.br\/uma\/wp-json\/wp\/v2\/posts\/963\/revisions\/965"}],"wp:featuredmedia":[{"embeddable":true,"href":"https:\/\/sites.uft.edu.br\/uma\/wp-json\/wp\/v2\/media\/964"}],"wp:attachment":[{"href":"https:\/\/sites.uft.edu.br\/uma\/wp-json\/wp\/v2\/media?parent=963"}],"wp:term":[{"taxonomy":"category","embeddable":true,"href":"https:\/\/sites.uft.edu.br\/uma\/wp-json\/wp\/v2\/categories?post=963"},{"taxonomy":"post_tag","embeddable":true,"href":"https:\/\/sites.uft.edu.br\/uma\/wp-json\/wp\/v2\/tags?post=963"}],"curies":[{"name":"wp","href":"https:\/\/api.w.org\/{rel}","templated":true}]}}