{"id":960,"date":"2022-06-10T12:44:31","date_gmt":"2022-06-10T15:44:31","guid":{"rendered":"http:\/\/sites.uft.edu.br\/uma\/?p=960"},"modified":"2022-06-10T12:44:31","modified_gmt":"2022-06-10T15:44:31","slug":"seminario-internacional-de-gerontologia-e-envelhecimento-ativo-tem-inicio-nesta-quarta-8","status":"publish","type":"post","link":"https:\/\/sites.uft.edu.br\/uma\/seminario-internacional-de-gerontologia-e-envelhecimento-ativo-tem-inicio-nesta-quarta-8\/","title":{"rendered":"Semin\u00e1rio Internacional de Gerontologia e Envelhecimento Ativo tem in\u00edcio nesta quarta, 8"},"content":{"rendered":"<p><em>O evento est\u00e1 sendo realizado pela Universidade da Maturidade (UMA), da Universidade Federal do Tocantins (UFT)<\/em><\/p>\n<p>Iniciar\u00e1 nesta quarta-feira, 8, \u00e0s 8h30, e seguir\u00e1 at\u00e9 a pr\u00f3xima sexta-feira, 10, o Semin\u00e1rio Internacional de Gerontologia e Envelhecimento Ativo (Sigero), realizado pela Universidade da Maturidade (UMA) \u2013 Programa de Extens\u00e3o da Universidade Federal do Tocantins (UFT). O evento ocorrer\u00e1 de modo on-line pelo canal no YouTube \u201cumauft\u201d (https:\/\/www.youtube.com\/watch?v=IFt-eApmcms) e contar\u00e1 com conferencistas de Cabo Verde (\u00c1frica), Portugal (Europa) e do Brasil.<\/p>\n<p>A abertura oficial ser\u00e1 conduzida pela coordenadora da UMA, professora Neila Os\u00f3rio, com fala de autoridades federais, estaduais e municipais, e confer\u00eancia com doutor Lu\u00eds Jacob, de Portugal, que tem como tema \u201cEduca\u00e7\u00e3o: Eficaz para maiores\u201d. As atividades presenciais acontecer\u00e3o no pr\u00e9dio da UMA C\u00e2mpus de Palmas (UFT).<\/p>\n<p>O semin\u00e1rio tem por objetivo promover a troca de experi\u00eancias entre pesquisadores de grupos de trabalho locais, regionais, nacionais e internacionais, empreendedores, terceiro setor, gestores p\u00fablicos e outros envolvidos das institui\u00e7\u00f5es participantes no Brasil, Cabo Verde e em Portugal que estudam a tem\u00e1tica do envelhecimento humano.<\/p>\n<p><strong>Programa\u00e7\u00e3o<\/strong><\/p>\n<p>A programa\u00e7\u00e3o completa est\u00e1 dispon\u00edvel no link https:\/\/bit.ly\/3uqTNBg e envolve apresenta\u00e7\u00f5es culturais da regi\u00e3o da Amaz\u00f4nia Legal brasileira, palestras com especialistas, mesas-redondas, comunica\u00e7\u00f5es de trabalhos cient\u00edficos e outras atividades dialogadas com as seguintes tem\u00e1ticas: aprendizagem ao longo da vida; envelhecimento ativo; educa\u00e7\u00e3o intergeracional e gerontologia.<\/p>\n","protected":false},"excerpt":{"rendered":"<p>O evento est\u00e1 sendo realizado pela Universidade da Maturidade (UMA), da Universidade Federal do Tocantins (UFT) Iniciar\u00e1 nesta quarta-feira, 8, \u00e0s 8h30, e seguir\u00e1 at\u00e9 a pr\u00f3xima sexta-feira, 10, o Semin\u00e1rio Internacional de Gerontologia e Envelhecimento Ativo (Sigero), realizado pela Universidade da Maturidade (UMA) \u2013 Programa de Extens\u00e3o da Universidade Federal do Tocantins (UFT). O [&hellip;]<\/p>\n","protected":false},"author":2,"featured_media":961,"comment_status":"closed","ping_status":"closed","sticky":false,"template":"","format":"standard","meta":{"footnotes":""},"categories":[1],"tags":[],"_links":{"self":[{"href":"https:\/\/sites.uft.edu.br\/uma\/wp-json\/wp\/v2\/posts\/960"}],"collection":[{"href":"https:\/\/sites.uft.edu.br\/uma\/wp-json\/wp\/v2\/posts"}],"about":[{"href":"https:\/\/sites.uft.edu.br\/uma\/wp-json\/wp\/v2\/types\/post"}],"author":[{"embeddable":true,"href":"https:\/\/sites.uft.edu.br\/uma\/wp-json\/wp\/v2\/users\/2"}],"replies":[{"embeddable":true,"href":"https:\/\/sites.uft.edu.br\/uma\/wp-json\/wp\/v2\/comments?post=960"}],"version-history":[{"count":1,"href":"https:\/\/sites.uft.edu.br\/uma\/wp-json\/wp\/v2\/posts\/960\/revisions"}],"predecessor-version":[{"id":962,"href":"https:\/\/sites.uft.edu.br\/uma\/wp-json\/wp\/v2\/posts\/960\/revisions\/962"}],"wp:featuredmedia":[{"embeddable":true,"href":"https:\/\/sites.uft.edu.br\/uma\/wp-json\/wp\/v2\/media\/961"}],"wp:attachment":[{"href":"https:\/\/sites.uft.edu.br\/uma\/wp-json\/wp\/v2\/media?parent=960"}],"wp:term":[{"taxonomy":"category","embeddable":true,"href":"https:\/\/sites.uft.edu.br\/uma\/wp-json\/wp\/v2\/categories?post=960"},{"taxonomy":"post_tag","embeddable":true,"href":"https:\/\/sites.uft.edu.br\/uma\/wp-json\/wp\/v2\/tags?post=960"}],"curies":[{"name":"wp","href":"https:\/\/api.w.org\/{rel}","templated":true}]}}