{"id":956,"date":"2022-05-25T15:04:53","date_gmt":"2022-05-25T18:04:53","guid":{"rendered":"http:\/\/sites.uft.edu.br\/uma\/?p=956"},"modified":"2022-05-25T15:04:53","modified_gmt":"2022-05-25T18:04:53","slug":"corrida-do-fogo-cria-categoria-60-anos-acima-e-atrai-participacao-da-universidade-da-maturidade","status":"publish","type":"post","link":"https:\/\/sites.uft.edu.br\/uma\/corrida-do-fogo-cria-categoria-60-anos-acima-e-atrai-participacao-da-universidade-da-maturidade\/","title":{"rendered":"Corrida do Fogo cria Categoria 60 Anos Acima e atrai participa\u00e7\u00e3o da Universidade da Maturidade"},"content":{"rendered":"<p>&nbsp;<\/p>\n<p><em>A competi\u00e7\u00e3o ter\u00e1 lan\u00e7amento oficial e in\u00edcio das inscri\u00e7\u00f5es nesta quarta-feira, 25, na sede do Corpo de Bombeiros Militar<\/em><\/p>\n<p>A Universidade da Maturidade (UMA), da Universidade Federal do Tocantins (UFT), garantiu participa\u00e7\u00e3o na 15\u00aa Corrida do Fogo, que ser\u00e1 lan\u00e7ada oficialmente nesta quarta-feira, 25. A parceria foi anunciada durante visita do tenente-coronel Cl\u00e9ber Jos\u00e9 Borges Sobrinho, coordenador da competi\u00e7\u00e3o, ao visitar o polo de Palmas na \u00faltima segunda-feira, 23.<\/p>\n<p>O tenente-coronel foi recepcionado em clima de euforia pelos alunos da Universidade da Maturidade, que receberam o convite de forma direta para correrem na Categoria 60 Anos Acima, criada para a Corrida do Fogo.<\/p>\n<p>O coordenador da prova afirmou que a 15\u00aa edi\u00e7\u00e3o do evento n\u00e3o tem apenas o vi\u00e9s esportivo. \u201cN\u00f3s tamb\u00e9m pensamos no impacto social-esportivo, de que melhor maneira podemos aproveitar a Corrida. \u00c9 muito bom saber que a Universidade da Maturidade tem se empenhado, que o Dr. Sin\u00e9sio Neto (coordenador da UMA) tem colocado a turma para refletir sobre as boas pr\u00e1ticas educacionais-esportivas, e hoje estamos colhendo esses frutos\u201d, afirmou o tenente-coronel Cl\u00e9ber.<\/p>\n<p>A UMA conta com mais de 80 alunos, atualmente. Inclusive, alguns j\u00e1 estiveram participando de edi\u00e7\u00f5es anteriores da Corrida do Fogo.<\/p>\n<p>O coordenador da UMA, Dr. Luiz Sin\u00e9sio Silva Neto, afirmou que \u201ca cria\u00e7\u00e3o da Categoria 60 Anos Acima, \u00e9 um grande incentivo, n\u00e3o s\u00f3 para os velhos, mas tamb\u00e9m para os filhos e netos a come\u00e7arem na pr\u00e1tica esportiva\u201d.<\/p>\n<p>\u201cQueremos parabenizar o Corpo de Bombeiros Militar por disponibilizar uma coisa in\u00e9dita, espec\u00edfica para pessoas de 60 anos acima. Para n\u00f3s, enquanto pesquisadores de envelhecimento, \u00e9 uma garantia de acesso aos direitos \u00e0s pol\u00edticas de esporte e lazer nessa faixa et\u00e1ria\u201d, destacou o coordenador da UMA.<\/p>\n<p>\u201c\u00c9 um incentivo para a pr\u00f3pria pessoa que est\u00e1 com 60 anos, ou mais, come\u00e7ar a treinar. E quando a gente valoriza os velhos, e eles come\u00e7am a praticar essas provas, \u00e9 um incentivo para as gera\u00e7\u00f5es mais novas, como os filhos e netos que come\u00e7am tamb\u00e9m a ver que nessa fase da vida \u00e9 poss\u00edvel viver com dignidade, cidadania e qualidade de vida. Parab\u00e9ns ao Corpo de Bombeiros Militar\u201d, completou o Dr. Luiz Sin\u00e9sio.<\/p>\n<p>Os interessados em participar da 15\u00aa Corrida do Fogo dever\u00e3o se inscrever no site www.centraldacorrida.com.br, a partir das 10h, desta quarta-feira.<\/p>\n<p>Por Luiz Henrique Machado\/Governo do Tocantins<\/p>\n","protected":false},"excerpt":{"rendered":"<p>&nbsp; A competi\u00e7\u00e3o ter\u00e1 lan\u00e7amento oficial e in\u00edcio das inscri\u00e7\u00f5es nesta quarta-feira, 25, na sede do Corpo de Bombeiros Militar A Universidade da Maturidade (UMA), da Universidade Federal do Tocantins (UFT), garantiu participa\u00e7\u00e3o na 15\u00aa Corrida do Fogo, que ser\u00e1 lan\u00e7ada oficialmente nesta quarta-feira, 25. A parceria foi anunciada durante visita do tenente-coronel Cl\u00e9ber Jos\u00e9 [&hellip;]<\/p>\n","protected":false},"author":2,"featured_media":957,"comment_status":"closed","ping_status":"closed","sticky":false,"template":"","format":"standard","meta":{"footnotes":""},"categories":[1],"tags":[],"_links":{"self":[{"href":"https:\/\/sites.uft.edu.br\/uma\/wp-json\/wp\/v2\/posts\/956"}],"collection":[{"href":"https:\/\/sites.uft.edu.br\/uma\/wp-json\/wp\/v2\/posts"}],"about":[{"href":"https:\/\/sites.uft.edu.br\/uma\/wp-json\/wp\/v2\/types\/post"}],"author":[{"embeddable":true,"href":"https:\/\/sites.uft.edu.br\/uma\/wp-json\/wp\/v2\/users\/2"}],"replies":[{"embeddable":true,"href":"https:\/\/sites.uft.edu.br\/uma\/wp-json\/wp\/v2\/comments?post=956"}],"version-history":[{"count":1,"href":"https:\/\/sites.uft.edu.br\/uma\/wp-json\/wp\/v2\/posts\/956\/revisions"}],"predecessor-version":[{"id":958,"href":"https:\/\/sites.uft.edu.br\/uma\/wp-json\/wp\/v2\/posts\/956\/revisions\/958"}],"wp:featuredmedia":[{"embeddable":true,"href":"https:\/\/sites.uft.edu.br\/uma\/wp-json\/wp\/v2\/media\/957"}],"wp:attachment":[{"href":"https:\/\/sites.uft.edu.br\/uma\/wp-json\/wp\/v2\/media?parent=956"}],"wp:term":[{"taxonomy":"category","embeddable":true,"href":"https:\/\/sites.uft.edu.br\/uma\/wp-json\/wp\/v2\/categories?post=956"},{"taxonomy":"post_tag","embeddable":true,"href":"https:\/\/sites.uft.edu.br\/uma\/wp-json\/wp\/v2\/tags?post=956"}],"curies":[{"name":"wp","href":"https:\/\/api.w.org\/{rel}","templated":true}]}}