{"id":947,"date":"2022-05-04T11:11:19","date_gmt":"2022-05-04T14:11:19","guid":{"rendered":"http:\/\/sites.uft.edu.br\/uma\/?p=947"},"modified":"2022-05-04T11:27:33","modified_gmt":"2022-05-04T14:27:33","slug":"universidade-da-maturidade-realiza-aula-inaugural-do-polo-de-paraiso-do-tocantins","status":"publish","type":"post","link":"https:\/\/sites.uft.edu.br\/uma\/universidade-da-maturidade-realiza-aula-inaugural-do-polo-de-paraiso-do-tocantins\/","title":{"rendered":"Universidade da Maturidade realiza aula inaugural do Polo de Para\u00edso do Tocantins"},"content":{"rendered":"<p><em>O polo conta com 60 acad\u00eamicos matriculados e as aulas acontecer\u00e3o duas vezes por semana<\/em><\/p>\n<p>M\u00fasica, teatro, poesia e muito conhecimento marcaram a aula inaugural do polo da Universidade da Maturidade (UMA) \u2013 programa de extens\u00e3o da Universidade Federal do Tocantins (UFT) &#8211; polo de Para\u00edso do Tocantins, realizada nessa ter\u00e7a-feira, 03. O polo conta com 60 acad\u00eamicos matriculados e as aulas acontecer\u00e3o duas vezes por semana, nas ter\u00e7as e quintas-feiras.<\/p>\n<p>A aula inaugural foi ministrada pela coordenadora da UMA, professora doutora Neila Os\u00f3rio, que abordou o tema \u201cUma sociedade para todas as idades\u201d, onde destacou que \u00e9 por meio da educa\u00e7\u00e3o e integra\u00e7\u00e3o entre idosos e jovens que ser\u00e1 constru\u00edda uma sociedade que respeita e valoriza as diferen\u00e7as e que ser\u00e1 livre de preconceitos.<\/p>\n<p>Tamb\u00e9m presente na cerim\u00f4nia, o coordenador do programa, professor Luiz Sin\u00e9sio Neto, ressaltou que todos os acad\u00eamicos matriculados fazem parte da UFT. \u201cEsses 60 novos integrantes s\u00e3o, a partir de agora, universit\u00e1rios de uma institui\u00e7\u00e3o p\u00fablica e de qualidade e ter\u00e3o suas vidas revolucionadas por meio da educa\u00e7\u00e3o\u201d, disse.<\/p>\n<p>O prefeito de Para\u00edso do Tocantins, Celso Morais, ressaltou a import\u00e2ncia da UMA para a melhoria da qualidade de vida dos idosos e da sua import\u00e2ncia para o munic\u00edpio. \u201cCom toda certeza teremos uma nova realidade para a velhice em nossa cidade, com mais qualidade de vida e empoderamento\u201d.<\/p>\n<p>A UMA em Para\u00edso do Tocantins \u00e9 fruto de parceria com a prefeitura municipal, por meio da Secretaria de Educa\u00e7\u00e3o e Juventude. No polo ser\u00e3o ofertadas disciplinas como Empreendedorismo na Maturidade, Novas Tecnologias na Maturidade e Alimenta\u00e7\u00e3o Saud\u00e1vel.<\/p>\n<figure id=\"attachment_951\" aria-describedby=\"caption-attachment-951\" style=\"width: 369px\" class=\"wp-caption aligncenter\"><img loading=\"lazy\" decoding=\"async\" class=\"wp-image-951 \" src=\"http:\/\/sites.uft.edu.br\/uma\/wp-content\/uploads\/2022\/05\/WhatsApp-Image-2022-05-04-at-11.04.01-2-300x200.jpeg\" alt=\"\" width=\"369\" height=\"246\" srcset=\"https:\/\/sites.uft.edu.br\/uma\/wp-content\/uploads\/2022\/05\/WhatsApp-Image-2022-05-04-at-11.04.01-2-300x200.jpeg 300w, https:\/\/sites.uft.edu.br\/uma\/wp-content\/uploads\/2022\/05\/WhatsApp-Image-2022-05-04-at-11.04.01-2-1024x682.jpeg 1024w, https:\/\/sites.uft.edu.br\/uma\/wp-content\/uploads\/2022\/05\/WhatsApp-Image-2022-05-04-at-11.04.01-2-768x512.jpeg 768w, https:\/\/sites.uft.edu.br\/uma\/wp-content\/uploads\/2022\/05\/WhatsApp-Image-2022-05-04-at-11.04.01-2-400x266.jpeg 400w, https:\/\/sites.uft.edu.br\/uma\/wp-content\/uploads\/2022\/05\/WhatsApp-Image-2022-05-04-at-11.04.01-2.jpeg 1280w\" sizes=\"(max-width: 369px) 100vw, 369px\" \/><figcaption id=\"caption-attachment-951\" class=\"wp-caption-text\">A aula inaugural foi ministrada pela coordenadora da UMA, professora doutora Neila Os\u00f3rio &#8211; Foto: Davi Andrade Melo\/Ascom Prefeitura de Para\u00edso do Tocantins<\/figcaption><\/figure>\n","protected":false},"excerpt":{"rendered":"<p>O polo conta com 60 acad\u00eamicos matriculados e as aulas acontecer\u00e3o duas vezes por semana M\u00fasica, teatro, poesia e muito conhecimento marcaram a aula inaugural do polo da Universidade da Maturidade (UMA) \u2013 programa de extens\u00e3o da Universidade Federal do Tocantins (UFT) &#8211; polo de Para\u00edso do Tocantins, realizada nessa ter\u00e7a-feira, 03. O polo conta [&hellip;]<\/p>\n","protected":false},"author":2,"featured_media":948,"comment_status":"closed","ping_status":"closed","sticky":false,"template":"","format":"standard","meta":{"footnotes":""},"categories":[1],"tags":[],"_links":{"self":[{"href":"https:\/\/sites.uft.edu.br\/uma\/wp-json\/wp\/v2\/posts\/947"}],"collection":[{"href":"https:\/\/sites.uft.edu.br\/uma\/wp-json\/wp\/v2\/posts"}],"about":[{"href":"https:\/\/sites.uft.edu.br\/uma\/wp-json\/wp\/v2\/types\/post"}],"author":[{"embeddable":true,"href":"https:\/\/sites.uft.edu.br\/uma\/wp-json\/wp\/v2\/users\/2"}],"replies":[{"embeddable":true,"href":"https:\/\/sites.uft.edu.br\/uma\/wp-json\/wp\/v2\/comments?post=947"}],"version-history":[{"count":4,"href":"https:\/\/sites.uft.edu.br\/uma\/wp-json\/wp\/v2\/posts\/947\/revisions"}],"predecessor-version":[{"id":954,"href":"https:\/\/sites.uft.edu.br\/uma\/wp-json\/wp\/v2\/posts\/947\/revisions\/954"}],"wp:featuredmedia":[{"embeddable":true,"href":"https:\/\/sites.uft.edu.br\/uma\/wp-json\/wp\/v2\/media\/948"}],"wp:attachment":[{"href":"https:\/\/sites.uft.edu.br\/uma\/wp-json\/wp\/v2\/media?parent=947"}],"wp:term":[{"taxonomy":"category","embeddable":true,"href":"https:\/\/sites.uft.edu.br\/uma\/wp-json\/wp\/v2\/categories?post=947"},{"taxonomy":"post_tag","embeddable":true,"href":"https:\/\/sites.uft.edu.br\/uma\/wp-json\/wp\/v2\/tags?post=947"}],"curies":[{"name":"wp","href":"https:\/\/api.w.org\/{rel}","templated":true}]}}