{"id":930,"date":"2022-04-06T20:34:27","date_gmt":"2022-04-06T23:34:27","guid":{"rendered":"http:\/\/sites.uft.edu.br\/uma\/?p=930"},"modified":"2022-04-06T20:34:27","modified_gmt":"2022-04-06T23:34:27","slug":"coordenadores-da-uma-realizam-formacao-pedagogica-no-polo-de-paraiso-do-tocantins","status":"publish","type":"post","link":"https:\/\/sites.uft.edu.br\/uma\/coordenadores-da-uma-realizam-formacao-pedagogica-no-polo-de-paraiso-do-tocantins\/","title":{"rendered":"Coordenadores da UMA realizam forma\u00e7\u00e3o pedag\u00f3gica no polo de Para\u00edso do Tocantins"},"content":{"rendered":"<p><em>Em Para\u00edso, o programa j\u00e1 conta com mais de 60 idosos matriculados e data marcada para o in\u00edcio das aulas<\/em><\/p>\n<p>Os coordenadores da Universidade da Maturidade (UMA) \u2013 Programa de Extens\u00e3o da Universidade Federal do Tocantins (UFT), professora doutora Neila Os\u00f3rio e professor doutor Luiz Sin\u00e9sio Neto, realizaram nesta segunda-feira, 04, forma\u00e7\u00e3o pedag\u00f3gica com os colaboradores do polo de Para\u00edso do Tocantins.<\/p>\n<p>De acordo com Neto, a forma\u00e7\u00e3o teve o objetivo de apresentar a tecnologia social da UMA e, a partir disso, construir o Projeto Pedag\u00f3gico do polo levando em conta as caracter\u00edsticas do munic\u00edpio. \u201cJ\u00e1 \u00e9 a segunda forma\u00e7\u00e3o que realizamos com os colaboradores do polo de Para\u00edso e essa troca de experi\u00eancia \u00e9 necess\u00e1ria para que elas conhe\u00e7am todas as diretrizes da UMA e, desta forma, ofere\u00e7am o melhor para os nossos futuros acad\u00eamicos\u201d, ressaltou.<\/p>\n<p>O coordenador do polo de Para\u00edso, Jo\u00e3o Paulo Barreira de Sousa, destaca que a UMA j\u00e1 est\u00e1 implantada no munic\u00edpio: \u201c\u00c9 um sonho que j\u00e1 existia h\u00e1 um tempo, e agora est\u00e1 instalado em Para\u00edso. A grande busca da UMA \u00e9 trazer as pessoas mais velhas para dentro da universidade para retornar a motiva\u00e7\u00e3o da vida, j\u00e1 que muitas dessas pessoas ficam em casa se sentindo inutilizadas por n\u00e3o participarem da vida social\u201d.<\/p>\n<p>No polo de Para\u00edso, ser\u00e3o ofertadas diversas disciplinas como: Empreendedorismo na Maturidade; Novas Tecnologias na Maturidade e Alimenta\u00e7\u00e3o Saud\u00e1vel. Os encontros acontecer\u00e3o \u00e0s ter\u00e7as e quintas-feiras das 14h \u00e0s 17h em local provis\u00f3rio, at\u00e9 a sede oficial ser reformada. O in\u00edcio das aulas em Para\u00edso est\u00e1 previsto para 3 de Maio e conta com uma equipe de professores preparados. Ainda n\u00e3o h\u00e1 previs\u00e3o para abertura de novas vagas.<\/p>\n<p><strong>UMA de Para\u00edso do Tocantins<\/strong><\/p>\n<p>O polo de Para\u00edso existe desde 2021, mas devido \u00e0 pandemia da Covid-19, s\u00f3 neste ano que as atividades ser\u00e3o iniciadas de forma presencial com os idosos. A UMA em Para\u00edso \u00e9 fruto de parceria com a prefeitura municipal, por meio da Secretaria Municipal de Educa\u00e7\u00e3o e Secretaria Municipal de Assist\u00eancia Social.<\/p>\n","protected":false},"excerpt":{"rendered":"<p>Em Para\u00edso, o programa j\u00e1 conta com mais de 60 idosos matriculados e data marcada para o in\u00edcio das aulas Os coordenadores da Universidade da Maturidade (UMA) \u2013 Programa de Extens\u00e3o da Universidade Federal do Tocantins (UFT), professora doutora Neila Os\u00f3rio e professor doutor Luiz Sin\u00e9sio Neto, realizaram nesta segunda-feira, 04, forma\u00e7\u00e3o pedag\u00f3gica com os [&hellip;]<\/p>\n","protected":false},"author":2,"featured_media":932,"comment_status":"closed","ping_status":"closed","sticky":false,"template":"","format":"standard","meta":{"footnotes":""},"categories":[1],"tags":[],"_links":{"self":[{"href":"https:\/\/sites.uft.edu.br\/uma\/wp-json\/wp\/v2\/posts\/930"}],"collection":[{"href":"https:\/\/sites.uft.edu.br\/uma\/wp-json\/wp\/v2\/posts"}],"about":[{"href":"https:\/\/sites.uft.edu.br\/uma\/wp-json\/wp\/v2\/types\/post"}],"author":[{"embeddable":true,"href":"https:\/\/sites.uft.edu.br\/uma\/wp-json\/wp\/v2\/users\/2"}],"replies":[{"embeddable":true,"href":"https:\/\/sites.uft.edu.br\/uma\/wp-json\/wp\/v2\/comments?post=930"}],"version-history":[{"count":1,"href":"https:\/\/sites.uft.edu.br\/uma\/wp-json\/wp\/v2\/posts\/930\/revisions"}],"predecessor-version":[{"id":933,"href":"https:\/\/sites.uft.edu.br\/uma\/wp-json\/wp\/v2\/posts\/930\/revisions\/933"}],"wp:featuredmedia":[{"embeddable":true,"href":"https:\/\/sites.uft.edu.br\/uma\/wp-json\/wp\/v2\/media\/932"}],"wp:attachment":[{"href":"https:\/\/sites.uft.edu.br\/uma\/wp-json\/wp\/v2\/media?parent=930"}],"wp:term":[{"taxonomy":"category","embeddable":true,"href":"https:\/\/sites.uft.edu.br\/uma\/wp-json\/wp\/v2\/categories?post=930"},{"taxonomy":"post_tag","embeddable":true,"href":"https:\/\/sites.uft.edu.br\/uma\/wp-json\/wp\/v2\/tags?post=930"}],"curies":[{"name":"wp","href":"https:\/\/api.w.org\/{rel}","templated":true}]}}