{"id":926,"date":"2022-03-24T19:56:27","date_gmt":"2022-03-24T22:56:27","guid":{"rendered":"http:\/\/sites.uft.edu.br\/uma\/?p=926"},"modified":"2022-04-06T20:01:48","modified_gmt":"2022-04-06T23:01:48","slug":"aluno-da-universidade-da-maturidade-e-homenageado-com-a-exibicao-do-documentario-ser-velho","status":"publish","type":"post","link":"https:\/\/sites.uft.edu.br\/uma\/aluno-da-universidade-da-maturidade-e-homenageado-com-a-exibicao-do-documentario-ser-velho\/","title":{"rendered":"Aluno da Universidade da Maturidade \u00e9 homenageado com a exibi\u00e7\u00e3o do document\u00e1rio \u201cSer Velho\u201d"},"content":{"rendered":"<p><em>A exibi\u00e7\u00e3o do document\u00e1rio fez parte da homenagem prestada ao cordelista e poeta Severino Jos\u00e9 Dantas<\/em><\/p>\n<p>Na \u00faltima quinta-feira (24), o document\u00e1rio \u201cSer Velho\u201d \u00a0foi exibido pela Funda\u00e7\u00e3o Cultural de Palmas, no cineteatro da Pracinha da Cultura. A exibi\u00e7\u00e3o fez parte da homenagem ao Severino Jos\u00e9 Dantas, cordelista, poeta e um dos alunos da Universidade da Maturidada da UFT \u2013 UMA. Dantas faleceu no \u00faltimo domingo (20).\u00a0M\u00fasica, poesia e depoimentos de amigos e familiares, fizeram parte da programa\u00e7\u00e3o do evento.<\/p>\n<p>A obra \u00a0dirigida pelos professores do curso de Teatro da UFT, Renata Patr\u00edcia e Gustavo Henrique, relata o envelhecimento nos tempos atuais e tem como narrativa o olhar e experi\u00eancia de Severino e outros participantes, \u00a0sobre assuntos do cotidiano como: amor, f\u00e9 , felicidade, arte e sexualidade. O document\u00e1rio faz parte do projeto de extens\u00e3o Maturidade (Em)Cena e est\u00e1 dispon\u00edvel no site\u00a0\u00a0<a href=\"http:\/\/sites.uft.edu.br\/npd\/\">NPD Play.<\/a><\/p>\n<p>&nbsp;<\/p>\n<p><strong>Severino Jos\u00e9 Dantas<\/strong><\/p>\n<p>O poeta, cordelista e marcador de quadrilha junina, Severino Jos\u00e9 Dantas, mais conhecido como Bira Dantas, nasceu em Carna\u00fabas dos Dantas, no dia 09 de abril de 1945.<\/p>\n<p>Foi morador da cidade de Aragua\u00edna, onde foi atuante como locutor de esporte e deu aulas de refor\u00e7o de L\u00edngua Portuguesa. No ano de 2004,\u00a0 tornou-se morador da capital e aqui se consolidou\u00a0 na hist\u00f3ria do Arrai\u00e1 da Capital, como marcador da Quadrilha Pega Fogo.<\/p>\n<p><em>Por Hel\u00f4 Pereira &#8211; Sucom\/UFT<\/em><\/p>\n<p>&nbsp;<\/p>\n","protected":false},"excerpt":{"rendered":"<p>A exibi\u00e7\u00e3o do document\u00e1rio fez parte da homenagem prestada ao cordelista e poeta Severino Jos\u00e9 Dantas Na \u00faltima quinta-feira (24), o document\u00e1rio \u201cSer Velho\u201d \u00a0foi exibido pela Funda\u00e7\u00e3o Cultural de Palmas, no cineteatro da Pracinha da Cultura. A exibi\u00e7\u00e3o fez parte da homenagem ao Severino Jos\u00e9 Dantas, cordelista, poeta e um dos alunos da Universidade [&hellip;]<\/p>\n","protected":false},"author":2,"featured_media":927,"comment_status":"closed","ping_status":"closed","sticky":false,"template":"","format":"standard","meta":{"footnotes":""},"categories":[1],"tags":[],"_links":{"self":[{"href":"https:\/\/sites.uft.edu.br\/uma\/wp-json\/wp\/v2\/posts\/926"}],"collection":[{"href":"https:\/\/sites.uft.edu.br\/uma\/wp-json\/wp\/v2\/posts"}],"about":[{"href":"https:\/\/sites.uft.edu.br\/uma\/wp-json\/wp\/v2\/types\/post"}],"author":[{"embeddable":true,"href":"https:\/\/sites.uft.edu.br\/uma\/wp-json\/wp\/v2\/users\/2"}],"replies":[{"embeddable":true,"href":"https:\/\/sites.uft.edu.br\/uma\/wp-json\/wp\/v2\/comments?post=926"}],"version-history":[{"count":2,"href":"https:\/\/sites.uft.edu.br\/uma\/wp-json\/wp\/v2\/posts\/926\/revisions"}],"predecessor-version":[{"id":929,"href":"https:\/\/sites.uft.edu.br\/uma\/wp-json\/wp\/v2\/posts\/926\/revisions\/929"}],"wp:featuredmedia":[{"embeddable":true,"href":"https:\/\/sites.uft.edu.br\/uma\/wp-json\/wp\/v2\/media\/927"}],"wp:attachment":[{"href":"https:\/\/sites.uft.edu.br\/uma\/wp-json\/wp\/v2\/media?parent=926"}],"wp:term":[{"taxonomy":"category","embeddable":true,"href":"https:\/\/sites.uft.edu.br\/uma\/wp-json\/wp\/v2\/categories?post=926"},{"taxonomy":"post_tag","embeddable":true,"href":"https:\/\/sites.uft.edu.br\/uma\/wp-json\/wp\/v2\/tags?post=926"}],"curies":[{"name":"wp","href":"https:\/\/api.w.org\/{rel}","templated":true}]}}