{"id":908,"date":"2022-03-24T20:04:22","date_gmt":"2022-03-24T23:04:22","guid":{"rendered":"http:\/\/sites.uft.edu.br\/uma\/?p=908"},"modified":"2022-03-28T20:13:04","modified_gmt":"2022-03-28T23:13:04","slug":"atividades-presenciais-do-polo-da-uma-de-dianopolis-retornaram-nesta-quinta-feira-24","status":"publish","type":"post","link":"https:\/\/sites.uft.edu.br\/uma\/atividades-presenciais-do-polo-da-uma-de-dianopolis-retornaram-nesta-quinta-feira-24\/","title":{"rendered":"Atividades presenciais do polo da UMA de Dian\u00f3polis retornaram nesta quinta-feira, 24"},"content":{"rendered":"<p>As atividades presenciais da Universidade da Maturidade (UMA) \u2013 programa de extens\u00e3o da Universidade Federal do Tocantins (UFT) \u2013 polo de Dian\u00f3polis, retornaram nesta quinta-feira, 24. O polo de Dian\u00f3polis, que existe desde agosto de 2019, atende cerca de 70 idosos do munic\u00edpio e as atividades s\u00e3o realizadas no pr\u00e9dio da Universidade Estadual do Tocantins (Unitins).<\/p>\n<p>A primeira aula foi ministrada pela enfermeira Millena Melo e enfermeiro Pablo Bispo, que, enfatizaram os cuidados de higiene que devem ser mantidos durante as atividades presenciais mesmo os alunos tendo tomando todas as doses da vacina contra \u00e0 Covid-19, requisito necess\u00e1rio para que eles possam participar das atividades do polo.<\/p>\n<p>Presente no evento, o prefeito Jos\u00e9 Salom\u00e3o falou da satisfa\u00e7\u00e3o em prestigiar o retorno das atividades, ap\u00f3s tanto tempo parada devido \u00e0 pandemia. \u201c\u00c9 gratificante estar prestigiando o retorno presencial desse projeto. A fase da terceira idade tem um grande significado, \u00e9 quando n\u00f3s adquirimos o \u00e1pice da experi\u00eancia. A mensagem que quero deixar para cada um de voc\u00eas \u00e9 de otimismo e confian\u00e7a. Essas atividades s\u00e3o um exemplo de cuidado com as pessoas, com essas pessoas imprescind\u00edveis\u201d, enfatiza.<\/p>\n<p>A secret\u00e1ria de Educa\u00e7\u00e3o, Anisiana Jacobina, ressaltou a felicidade em ver a sala cheia com o retorno das atividades. \u201cParabenizo voc\u00eas por estarem aqui nesta sala, me faz querer ser aluna aqui tamb\u00e9m. Desde o in\u00edcio da gest\u00e3o, n\u00e3o tive d\u00favidas em contribuir com a continuidade desse projeto\u201d, destaca.<\/p>\n<p>A UMA de Dian\u00f3polis \u00e9 fruto de parceria com a prefeitura municipal, por meio da Secretaria Municipal de Educa\u00e7\u00e3o. Na ocasi\u00e3o foi realizada a renova\u00e7\u00e3o do conv\u00eanio com a UFT por mais 5 anos. As aulas ser\u00e3o realizadas todas as ter\u00e7as e quintas-feiras, das 14h \u00e0s 17h.<\/p>\n<p>&nbsp;<\/p>\n","protected":false},"excerpt":{"rendered":"<p>As atividades presenciais da Universidade da Maturidade (UMA) \u2013 programa de extens\u00e3o da Universidade Federal do Tocantins (UFT) \u2013 polo de Dian\u00f3polis, retornaram nesta quinta-feira, 24. O polo de Dian\u00f3polis, que existe desde agosto de 2019, atende cerca de 70 idosos do munic\u00edpio e as atividades s\u00e3o realizadas no pr\u00e9dio da Universidade Estadual do Tocantins [&hellip;]<\/p>\n","protected":false},"author":2,"featured_media":910,"comment_status":"closed","ping_status":"closed","sticky":false,"template":"","format":"standard","meta":{"footnotes":""},"categories":[1],"tags":[],"_links":{"self":[{"href":"https:\/\/sites.uft.edu.br\/uma\/wp-json\/wp\/v2\/posts\/908"}],"collection":[{"href":"https:\/\/sites.uft.edu.br\/uma\/wp-json\/wp\/v2\/posts"}],"about":[{"href":"https:\/\/sites.uft.edu.br\/uma\/wp-json\/wp\/v2\/types\/post"}],"author":[{"embeddable":true,"href":"https:\/\/sites.uft.edu.br\/uma\/wp-json\/wp\/v2\/users\/2"}],"replies":[{"embeddable":true,"href":"https:\/\/sites.uft.edu.br\/uma\/wp-json\/wp\/v2\/comments?post=908"}],"version-history":[{"count":3,"href":"https:\/\/sites.uft.edu.br\/uma\/wp-json\/wp\/v2\/posts\/908\/revisions"}],"predecessor-version":[{"id":912,"href":"https:\/\/sites.uft.edu.br\/uma\/wp-json\/wp\/v2\/posts\/908\/revisions\/912"}],"wp:featuredmedia":[{"embeddable":true,"href":"https:\/\/sites.uft.edu.br\/uma\/wp-json\/wp\/v2\/media\/910"}],"wp:attachment":[{"href":"https:\/\/sites.uft.edu.br\/uma\/wp-json\/wp\/v2\/media?parent=908"}],"wp:term":[{"taxonomy":"category","embeddable":true,"href":"https:\/\/sites.uft.edu.br\/uma\/wp-json\/wp\/v2\/categories?post=908"},{"taxonomy":"post_tag","embeddable":true,"href":"https:\/\/sites.uft.edu.br\/uma\/wp-json\/wp\/v2\/tags?post=908"}],"curies":[{"name":"wp","href":"https:\/\/api.w.org\/{rel}","templated":true}]}}