{"id":903,"date":"2022-03-25T08:45:04","date_gmt":"2022-03-25T11:45:04","guid":{"rendered":"http:\/\/sites.uft.edu.br\/uma\/?p=903"},"modified":"2022-03-25T08:45:04","modified_gmt":"2022-03-25T11:45:04","slug":"uma-realiza-i-seminario-internacional-de-gerontologia-e-envelhecimento-ativo-em-junho","status":"publish","type":"post","link":"https:\/\/sites.uft.edu.br\/uma\/uma-realiza-i-seminario-internacional-de-gerontologia-e-envelhecimento-ativo-em-junho\/","title":{"rendered":"UMA realiza I Semin\u00e1rio Internacional de Gerontologia e Envelhecimento Ativo em junho"},"content":{"rendered":"<p style=\"text-align: left;\"><em>As inscri\u00e7\u00f5es j\u00e1 est\u00e3o abertas e devem ser realizadas at\u00e9 o dia 5 de junho<\/em><\/p>\n<p style=\"text-align: left;\">A Universidade da Maturidade (UMA) &#8211; Programa de Extens\u00e3o da Universidade Federal do Tocantins (UFT) realizar\u00e1 entre os dias 8 e 10 de junho deste ano, o I Semin\u00e1rio Internacional de Gerontologia e Envelhecimento Ativo (Sigero), que contar\u00e1 com palestrantes de Cabo Verde (\u00c1frica), Portugal (Europa) e do Brasil.<\/p>\n<p style=\"text-align: left;\">As atividades presenciais acontecer\u00e3o no pr\u00e9dio da UMA C\u00e2mpus de Palmas (UFT), e online com transmiss\u00e3o pelo canal no YouTube (umauft). As inscri\u00e7\u00f5es s\u00e3o gratuitas e devem ser realizadas pelo link (<strong><em><a href=\"https:\/\/bit.ly\/3uqTNBg\" target=\"_blank\" rel=\"noopener\">https:\/\/bit.ly\/3uqTNBg<\/a><\/em><\/strong>).<\/p>\n<p style=\"text-align: left;\">O semin\u00e1rio tem por objetivo promover a troca de experi\u00eancias entre pesquisadores de grupos de trabalho locais, regionais, nacionais e internacionais, empreendedores, terceiro setor, gestores p\u00fablicos e outros envolvidos das institui\u00e7\u00f5es participantes no Brasil, Cabo Verde e em Portugal que estudam a tem\u00e1tica do envelhecimento humano.<\/p>\n<p style=\"text-align: left;\">De acordo com a coordenadora da UMA, professora doutora Neila Os\u00f3rio, o evento \u00e9 uma oportunidade para os pesquisadores apresentarem seus estudos sobre envelhecimento humano. \u201cNos \u00faltimos anos, essa tem\u00e1tica passou a ser mais estudada, pesquisada e debatida nas institui\u00e7\u00f5es de ensino, ent\u00e3o esse semin\u00e1rio \u00e9 a oportunidade que n\u00f3s, pesquisadores da \u00e1rea, temos de mostrar para o mundo tudo o que est\u00e1 sendo produzindo, pois o foco \u00e9 fazer com que o envelhecimento humano seja uma pauta n\u00e3o apenas nossa, mas de toda a sociedade\u201d, ressaltou.<\/p>\n<p style=\"text-align: left;\"><strong>Programa\u00e7\u00e3o<\/strong><\/p>\n<p style=\"text-align: left;\">A programa\u00e7\u00e3o completa est\u00e1 dispon\u00edvel no link <em><strong><a href=\"https:\/\/bit.ly\/3uqTNBg\" target=\"_blank\" rel=\"noopener\">https:\/\/bit.ly\/3uqTNBg<\/a> <\/strong><\/em>e envolve apresenta\u00e7\u00f5es culturais da regi\u00e3o da Amaz\u00f4nia Legal brasileira, palestras com especialistas, mesas-redondas, comunica\u00e7\u00f5es de trabalhos cient\u00edficos e outras atividades dialogadas com as seguintes tem\u00e1ticas: aprendizagem ao longo da vida; envelhecimento ativo; educa\u00e7\u00e3o intergeracional e gerontologia.<\/p>\n<p style=\"text-align: left;\"><strong>Parceiros<\/strong><\/p>\n<p style=\"text-align: left;\">O Sigero tem como parceiros o Minist\u00e9rio da Sa\u00fade e Seguran\u00e7a Social de Cabo Verde; a Associa\u00e7\u00e3o Rede de Universidades da Terceira Idade (RUTIS) e o Projeto Centro Criativo Intergeracional de Lisboa, ambos de Portugal; o Centro Intergeracional Sarah Gomes; os grupos de pesquisa Progero Envelhecimento Humano e o Grupo Interdisciplinar para Pesquisas e Estudos em Educa\u00e7\u00e3o Intergeracional e\u00a0 Altas Habilidades (GIPEEIAH).<\/p>\n","protected":false},"excerpt":{"rendered":"<p>As inscri\u00e7\u00f5es j\u00e1 est\u00e3o abertas e devem ser realizadas at\u00e9 o dia 5 de junho A Universidade da Maturidade (UMA) &#8211; Programa de Extens\u00e3o da Universidade Federal do Tocantins (UFT) realizar\u00e1 entre os dias 8 e 10 de junho deste ano, o I Semin\u00e1rio Internacional de Gerontologia e Envelhecimento Ativo (Sigero), que contar\u00e1 com palestrantes [&hellip;]<\/p>\n","protected":false},"author":2,"featured_media":906,"comment_status":"closed","ping_status":"closed","sticky":false,"template":"","format":"standard","meta":{"footnotes":""},"categories":[1],"tags":[],"_links":{"self":[{"href":"https:\/\/sites.uft.edu.br\/uma\/wp-json\/wp\/v2\/posts\/903"}],"collection":[{"href":"https:\/\/sites.uft.edu.br\/uma\/wp-json\/wp\/v2\/posts"}],"about":[{"href":"https:\/\/sites.uft.edu.br\/uma\/wp-json\/wp\/v2\/types\/post"}],"author":[{"embeddable":true,"href":"https:\/\/sites.uft.edu.br\/uma\/wp-json\/wp\/v2\/users\/2"}],"replies":[{"embeddable":true,"href":"https:\/\/sites.uft.edu.br\/uma\/wp-json\/wp\/v2\/comments?post=903"}],"version-history":[{"count":3,"href":"https:\/\/sites.uft.edu.br\/uma\/wp-json\/wp\/v2\/posts\/903\/revisions"}],"predecessor-version":[{"id":907,"href":"https:\/\/sites.uft.edu.br\/uma\/wp-json\/wp\/v2\/posts\/903\/revisions\/907"}],"wp:featuredmedia":[{"embeddable":true,"href":"https:\/\/sites.uft.edu.br\/uma\/wp-json\/wp\/v2\/media\/906"}],"wp:attachment":[{"href":"https:\/\/sites.uft.edu.br\/uma\/wp-json\/wp\/v2\/media?parent=903"}],"wp:term":[{"taxonomy":"category","embeddable":true,"href":"https:\/\/sites.uft.edu.br\/uma\/wp-json\/wp\/v2\/categories?post=903"},{"taxonomy":"post_tag","embeddable":true,"href":"https:\/\/sites.uft.edu.br\/uma\/wp-json\/wp\/v2\/tags?post=903"}],"curies":[{"name":"wp","href":"https:\/\/api.w.org\/{rel}","templated":true}]}}