{"id":883,"date":"2022-03-15T18:08:32","date_gmt":"2022-03-15T21:08:32","guid":{"rendered":"http:\/\/sites.uft.edu.br\/uma\/?p=883"},"modified":"2022-03-15T18:08:32","modified_gmt":"2022-03-15T21:08:32","slug":"uma-uft-realiza-curso-em-parceria-com-a-universidade-aberta-a-pessoa-idosa-da-universidade-federal-de-mato-grosso-do-sul","status":"publish","type":"post","link":"https:\/\/sites.uft.edu.br\/uma\/uma-uft-realiza-curso-em-parceria-com-a-universidade-aberta-a-pessoa-idosa-da-universidade-federal-de-mato-grosso-do-sul\/","title":{"rendered":"UMA\/UFT realiza curso em parceria com a Universidade Aberta \u00e0 Pessoa Idosa da Universidade Federal de Mato Grosso do Sul"},"content":{"rendered":"<p><i>As aulas tiveram in\u00edcio nesta ter\u00e7a-feira, 15<\/i><\/p>\n<p style=\"font-weight: 400;\">Foi com a m\u00fasica \u201cBate Cora\u00e7\u00e3o\u201d que a coordenadora da Universidade da Maturidade (UMA) \u2013 Programa de Extens\u00e3o da Universidade Federal do Tocantins (UFT), professora Neila Os\u00f3rio, iniciou a primeira aula do curso \u201cTeu cora\u00e7\u00e3o toma sol?\u201d que \u00e9 uma parceria da UMA com a Universidade Aberta \u00e0 Pessoa Idosa (Unapi), da Universidade Federal de Mato Grosso do Sul (UFMS).<\/p>\n<p style=\"font-weight: 400;\">De acordo com Neila, essa iniciativa educacional visa gerar um interc\u00e2mbio entre os acad\u00eamicos, fortalecendo as a\u00e7\u00f5es de ensino, pesquisa e extens\u00e3o entre as institui\u00e7\u00f5es. \u201cNosso objetivo \u00e9 otimizar o di\u00e1logo e a troca de experi\u00eancias entre os idosos participantes do curso e promover um processo de educa\u00e7\u00e3o ao longo da vida, com foco no envelhecimento ativo\u201d.<\/p>\n<p style=\"font-weight: 400;\">Com 70 alunos matriculados, todos com idade igual ou superior a 60 anos, as aulas s\u00e3o ministradas de forma on-line para os acad\u00eamicos da Unapi e de forma presencial para os acad\u00eamicos da UMA. Os encontros est\u00e3o sendo realizados uma vez por semana, sempre \u00e0s ter\u00e7as-feiras no per\u00edodo vespertino. O curso ter\u00e1 dura\u00e7\u00e3o de 5 meses.<\/p>\n<p style=\"font-weight: 400;\"><strong>Parceria<\/strong><\/p>\n<p style=\"font-weight: 400;\">A Unapi \u00e9 fruto da transfer\u00eancia de tecnologia social da UMA, por meio de acordo de coopera\u00e7\u00e3o, tendo como objetivo apoiar, promover e fortalecer o desenvolvimento de a\u00e7\u00f5es integradas de ensino, pesquisa, extens\u00e3o e inova\u00e7\u00e3o que possuam foco na valoriza\u00e7\u00e3o da pessoa idosa na sociedade e na qualifica\u00e7\u00e3o dos servi\u00e7os, e das pol\u00edticas sociais p\u00fablicas, voltadas a este segmento populacional.<\/p>\n<p><img loading=\"lazy\" decoding=\"async\" class=\" wp-image-884 aligncenter\" src=\"http:\/\/sites.uft.edu.br\/uma\/wp-content\/uploads\/2022\/03\/As-aulas-sao-ministradas-de-forma-on-line-para-os-academicos-da-Unapi-e-de-forma-presencial-para-os-academicos-da-UMA--300x169.jpeg\" alt=\"\" width=\"417\" height=\"235\" srcset=\"https:\/\/sites.uft.edu.br\/uma\/wp-content\/uploads\/2022\/03\/As-aulas-sao-ministradas-de-forma-on-line-para-os-academicos-da-Unapi-e-de-forma-presencial-para-os-academicos-da-UMA--300x169.jpeg 300w, https:\/\/sites.uft.edu.br\/uma\/wp-content\/uploads\/2022\/03\/As-aulas-sao-ministradas-de-forma-on-line-para-os-academicos-da-Unapi-e-de-forma-presencial-para-os-academicos-da-UMA--1024x576.jpeg 1024w, https:\/\/sites.uft.edu.br\/uma\/wp-content\/uploads\/2022\/03\/As-aulas-sao-ministradas-de-forma-on-line-para-os-academicos-da-Unapi-e-de-forma-presencial-para-os-academicos-da-UMA--768x432.jpeg 768w, https:\/\/sites.uft.edu.br\/uma\/wp-content\/uploads\/2022\/03\/As-aulas-sao-ministradas-de-forma-on-line-para-os-academicos-da-Unapi-e-de-forma-presencial-para-os-academicos-da-UMA-.jpeg 1280w\" sizes=\"(max-width: 417px) 100vw, 417px\" \/><\/p>\n","protected":false},"excerpt":{"rendered":"<p>As aulas tiveram in\u00edcio nesta ter\u00e7a-feira, 15 Foi com a m\u00fasica \u201cBate Cora\u00e7\u00e3o\u201d que a coordenadora da Universidade da Maturidade (UMA) \u2013 Programa de Extens\u00e3o da Universidade Federal do Tocantins (UFT), professora Neila Os\u00f3rio, iniciou a primeira aula do curso \u201cTeu cora\u00e7\u00e3o toma sol?\u201d que \u00e9 uma parceria da UMA com a Universidade Aberta \u00e0 [&hellip;]<\/p>\n","protected":false},"author":2,"featured_media":885,"comment_status":"closed","ping_status":"closed","sticky":false,"template":"","format":"image","meta":{"footnotes":""},"categories":[1],"tags":[],"_links":{"self":[{"href":"https:\/\/sites.uft.edu.br\/uma\/wp-json\/wp\/v2\/posts\/883"}],"collection":[{"href":"https:\/\/sites.uft.edu.br\/uma\/wp-json\/wp\/v2\/posts"}],"about":[{"href":"https:\/\/sites.uft.edu.br\/uma\/wp-json\/wp\/v2\/types\/post"}],"author":[{"embeddable":true,"href":"https:\/\/sites.uft.edu.br\/uma\/wp-json\/wp\/v2\/users\/2"}],"replies":[{"embeddable":true,"href":"https:\/\/sites.uft.edu.br\/uma\/wp-json\/wp\/v2\/comments?post=883"}],"version-history":[{"count":1,"href":"https:\/\/sites.uft.edu.br\/uma\/wp-json\/wp\/v2\/posts\/883\/revisions"}],"predecessor-version":[{"id":886,"href":"https:\/\/sites.uft.edu.br\/uma\/wp-json\/wp\/v2\/posts\/883\/revisions\/886"}],"wp:featuredmedia":[{"embeddable":true,"href":"https:\/\/sites.uft.edu.br\/uma\/wp-json\/wp\/v2\/media\/885"}],"wp:attachment":[{"href":"https:\/\/sites.uft.edu.br\/uma\/wp-json\/wp\/v2\/media?parent=883"}],"wp:term":[{"taxonomy":"category","embeddable":true,"href":"https:\/\/sites.uft.edu.br\/uma\/wp-json\/wp\/v2\/categories?post=883"},{"taxonomy":"post_tag","embeddable":true,"href":"https:\/\/sites.uft.edu.br\/uma\/wp-json\/wp\/v2\/tags?post=883"}],"curies":[{"name":"wp","href":"https:\/\/api.w.org\/{rel}","templated":true}]}}