{"id":858,"date":"2022-02-08T16:23:59","date_gmt":"2022-02-08T19:23:59","guid":{"rendered":"http:\/\/sites.uft.edu.br\/uma\/?p=858"},"modified":"2022-02-08T16:44:17","modified_gmt":"2022-02-08T19:44:17","slug":"uma-e-universidade-estadual-de-mato-grosso-do-sul-realizam-reuniao-para-discutir-parcerias","status":"publish","type":"post","link":"https:\/\/sites.uft.edu.br\/uma\/uma-e-universidade-estadual-de-mato-grosso-do-sul-realizam-reuniao-para-discutir-parcerias\/","title":{"rendered":"UMA e Universidade Estadual de Mato Grosso do Sul realizam reuni\u00e3o para discutir parcerias"},"content":{"rendered":"<p><em>A reuni\u00e3o foi realizada de forma virtual nessa segunda-feira, 07<\/em><\/p>\n<p>A coordenadora da Universidade da Maturidade (UMA) &#8211; programa de Extens\u00e3o da Universidade Federal do Tocantins (UFT), professora Neila Os\u00f3rio, esteve reunida nesta segunda-feira, 07, com representantes da Universidade Estadual de Mato Grosso de Sul (UEMS) para apresentar a tecnologia social da UMA e, a partir disso, firmar termo de colabora\u00e7\u00e3o t\u00e9cnica entre as institui\u00e7\u00f5es.<\/p>\n<p>Neide Os\u00f3rio, explicou que a reuni\u00e3o com a pr\u00f3-reitora de Extens\u00e3o, Cultura e Assuntos Comunit\u00e1rios da Universidade Estadual de Mato Grosso do Sul, Erika Kaneta, e com a coordenadora da Universidade Aberta \u00e0 Melhor Idade (UNAMI\/UEMS), M\u00e1rcia Alvarenga, representa um importante momento de interc\u00e2mbio.<\/p>\n<p>&#8220;Essa primeira reuni\u00e3o serviu para compreendermos como funciona a UNAMI e com isso podermos propor parcerias para o uso da nossa tecnologia social; considerando o processo de capta\u00e7\u00e3o de recursos e outros fluxos administrativos que a UMA realiza&#8221;, destacou Neila.<\/p>\n<p>O termo de colabora\u00e7\u00e3o que est\u00e1 sendo constru\u00eddo tem como objetivo apoiar, promover e fortalecer o desenvolvimento de a\u00e7\u00f5es integradas de ensino, pesquisa, extens\u00e3o e inova\u00e7\u00e3o que possuam como foco a valoriza\u00e7\u00e3o da pessoa idosa na sociedade e a qualifica\u00e7\u00e3o dos servi\u00e7os e das pol\u00edticas sociais p\u00fablicas voltadas a este segmento populacional.<\/p>\n<p>O assessor de assuntos t\u00e9cnicos da UMA, Fernando Nunes, tamb\u00e9m participou da reuni\u00e3o e est\u00e1 dando prosseguimento as tratativas da parceria, visando atender os interesses comuns das duas institui\u00e7\u00f5es envolvidas.<\/p>\n","protected":false},"excerpt":{"rendered":"<p>A reuni\u00e3o foi realizada de forma virtual nessa segunda-feira, 07 A coordenadora da Universidade da Maturidade (UMA) &#8211; programa de Extens\u00e3o da Universidade Federal do Tocantins (UFT), professora Neila Os\u00f3rio, esteve reunida nesta segunda-feira, 07, com representantes da Universidade Estadual de Mato Grosso de Sul (UEMS) para apresentar a tecnologia social da UMA e, a [&hellip;]<\/p>\n","protected":false},"author":2,"featured_media":866,"comment_status":"closed","ping_status":"closed","sticky":false,"template":"","format":"image","meta":{"footnotes":""},"categories":[1],"tags":[],"_links":{"self":[{"href":"https:\/\/sites.uft.edu.br\/uma\/wp-json\/wp\/v2\/posts\/858"}],"collection":[{"href":"https:\/\/sites.uft.edu.br\/uma\/wp-json\/wp\/v2\/posts"}],"about":[{"href":"https:\/\/sites.uft.edu.br\/uma\/wp-json\/wp\/v2\/types\/post"}],"author":[{"embeddable":true,"href":"https:\/\/sites.uft.edu.br\/uma\/wp-json\/wp\/v2\/users\/2"}],"replies":[{"embeddable":true,"href":"https:\/\/sites.uft.edu.br\/uma\/wp-json\/wp\/v2\/comments?post=858"}],"version-history":[{"count":6,"href":"https:\/\/sites.uft.edu.br\/uma\/wp-json\/wp\/v2\/posts\/858\/revisions"}],"predecessor-version":[{"id":864,"href":"https:\/\/sites.uft.edu.br\/uma\/wp-json\/wp\/v2\/posts\/858\/revisions\/864"}],"wp:featuredmedia":[{"embeddable":true,"href":"https:\/\/sites.uft.edu.br\/uma\/wp-json\/wp\/v2\/media\/866"}],"wp:attachment":[{"href":"https:\/\/sites.uft.edu.br\/uma\/wp-json\/wp\/v2\/media?parent=858"}],"wp:term":[{"taxonomy":"category","embeddable":true,"href":"https:\/\/sites.uft.edu.br\/uma\/wp-json\/wp\/v2\/categories?post=858"},{"taxonomy":"post_tag","embeddable":true,"href":"https:\/\/sites.uft.edu.br\/uma\/wp-json\/wp\/v2\/tags?post=858"}],"curies":[{"name":"wp","href":"https:\/\/api.w.org\/{rel}","templated":true}]}}