{"id":813,"date":"2021-12-15T11:44:50","date_gmt":"2021-12-15T14:44:50","guid":{"rendered":"http:\/\/sites.uft.edu.br\/uma\/?p=813"},"modified":"2021-12-15T11:44:50","modified_gmt":"2021-12-15T14:44:50","slug":"uma-uft-realiza-aula-inaugural-do-curso-de-capacitacao-de-conselheiros-para-109-municipios-do-tocantins","status":"publish","type":"post","link":"https:\/\/sites.uft.edu.br\/uma\/uma-uft-realiza-aula-inaugural-do-curso-de-capacitacao-de-conselheiros-para-109-municipios-do-tocantins\/","title":{"rendered":"UMA\/UFT realiza aula inaugural do curso de capacita\u00e7\u00e3o de Conselheiros para 109 munic\u00edpios do Tocantins"},"content":{"rendered":"<p><em>O evento ser\u00e1 transmitido pelo canal da UFT no YouTube<\/em><\/p>\n<p>Ser\u00e1 realizada nesta quarta-feira, 15, \u00e0s 14 horas, a aula inaugural do Curso de Capacita\u00e7\u00e3o para cria\u00e7\u00e3o e fortalecimento dos Conselhos e Fundos de Direitos das Pessoas Idosas &#8211; Tocantins. O evento ser\u00e1 transmitido pelo canal da UFT no YouTube (<a href=\"https:\/\/youtube.com\/c\/UFToficial\">https:\/\/youtube.com\/c\/UFToficial<\/a>). A iniciativa \u00e9 uma parceria entre o Minist\u00e9rio da Mulher, da Fam\u00edlia e dos Direitos Humanos (MMFDH) e a Universidade da Maturidade (UMA) da Universidade Federal do Tocantins (UFT).<\/p>\n<p>No Tocantins, s\u00e3o 109 munic\u00edpios que realizaram ades\u00e3o ao Pacto Nacional dos Direitos das Pessoas Idosas (PNDPI) e v\u00e3o participar do curso que tem como objetivo capacitar\u00a0 gestores para implementarem as principais pol\u00edticas p\u00fablicas que visam \u00e0 promo\u00e7\u00e3o e \u00e0 defesa dos direitos das pessoas idosas, a\u00e7\u00f5es estas previstas no Estatuto do Idoso, tendo, especificamente, propostas de amplia\u00e7\u00e3o de Conselhos dos Direitos das Pessoas Idosas, redu\u00e7\u00e3o do \u00edndice de viol\u00eancia contra a pessoa idosa, entre outras.<\/p>\n<p>De acordo com a professora Neila Os\u00f3rio, coordenadora da UMA e do PNDPI no Tocantins, o curso ser\u00e1 ministrado de forma on-line e ter\u00e1 in\u00edcio no primeiro semestre de 2022. \u201cEsse curso \u00e9 uma oportunidade de realizarmos uma rela\u00e7\u00e3o afetiva, de conhecimento e de experi\u00eancia com todo o povo tocantinense e, desta forma, vamos construir uma pol\u00edtica p\u00fablica respeitando a realidade social dos nossos idosos\u201d.<\/p>\n<p>O evento contar\u00e1 com a presen\u00e7a do secret\u00e1rio nacional de promo\u00e7\u00e3o de direitos da pessoa idosa, Ant\u00f4nio Costa; autoridades acad\u00eamicas, estaduais e municipais, al\u00e9m de acad\u00eamicos da Universidade da Maturidade dos polos de Aragua\u00edna, Dian\u00f3polis, Palmas e Porto Nacional.<\/p>\n","protected":false},"excerpt":{"rendered":"<p>O evento ser\u00e1 transmitido pelo canal da UFT no YouTube Ser\u00e1 realizada nesta quarta-feira, 15, \u00e0s 14 horas, a aula inaugural do Curso de Capacita\u00e7\u00e3o para cria\u00e7\u00e3o e fortalecimento dos Conselhos e Fundos de Direitos das Pessoas Idosas &#8211; Tocantins. O evento ser\u00e1 transmitido pelo canal da UFT no YouTube (https:\/\/youtube.com\/c\/UFToficial). A iniciativa \u00e9 uma [&hellip;]<\/p>\n","protected":false},"author":2,"featured_media":815,"comment_status":"closed","ping_status":"closed","sticky":false,"template":"","format":"standard","meta":{"footnotes":""},"categories":[1],"tags":[],"_links":{"self":[{"href":"https:\/\/sites.uft.edu.br\/uma\/wp-json\/wp\/v2\/posts\/813"}],"collection":[{"href":"https:\/\/sites.uft.edu.br\/uma\/wp-json\/wp\/v2\/posts"}],"about":[{"href":"https:\/\/sites.uft.edu.br\/uma\/wp-json\/wp\/v2\/types\/post"}],"author":[{"embeddable":true,"href":"https:\/\/sites.uft.edu.br\/uma\/wp-json\/wp\/v2\/users\/2"}],"replies":[{"embeddable":true,"href":"https:\/\/sites.uft.edu.br\/uma\/wp-json\/wp\/v2\/comments?post=813"}],"version-history":[{"count":1,"href":"https:\/\/sites.uft.edu.br\/uma\/wp-json\/wp\/v2\/posts\/813\/revisions"}],"predecessor-version":[{"id":816,"href":"https:\/\/sites.uft.edu.br\/uma\/wp-json\/wp\/v2\/posts\/813\/revisions\/816"}],"wp:featuredmedia":[{"embeddable":true,"href":"https:\/\/sites.uft.edu.br\/uma\/wp-json\/wp\/v2\/media\/815"}],"wp:attachment":[{"href":"https:\/\/sites.uft.edu.br\/uma\/wp-json\/wp\/v2\/media?parent=813"}],"wp:term":[{"taxonomy":"category","embeddable":true,"href":"https:\/\/sites.uft.edu.br\/uma\/wp-json\/wp\/v2\/categories?post=813"},{"taxonomy":"post_tag","embeddable":true,"href":"https:\/\/sites.uft.edu.br\/uma\/wp-json\/wp\/v2\/tags?post=813"}],"curies":[{"name":"wp","href":"https:\/\/api.w.org\/{rel}","templated":true}]}}