{"id":798,"date":"2021-11-08T12:49:02","date_gmt":"2021-11-08T15:49:02","guid":{"rendered":"http:\/\/sites.uft.edu.br\/uma\/?p=798"},"modified":"2021-11-09T11:25:19","modified_gmt":"2021-11-09T14:25:19","slug":"universidade-da-maturidade-convida-gestores-municipais-a-aderirem-ao-pacto-nacional-dos-direitos-da-pessoa-idosa-pndpi","status":"publish","type":"post","link":"https:\/\/sites.uft.edu.br\/uma\/universidade-da-maturidade-convida-gestores-municipais-a-aderirem-ao-pacto-nacional-dos-direitos-da-pessoa-idosa-pndpi\/","title":{"rendered":"Universidade da Maturidade convida gestores municipais a aderirem ao Pacto Nacional dos Direitos da Pessoa Idosa (PNDPI)"},"content":{"rendered":"<p><em>A ades\u00e3o dever\u00e1 ser realizada at\u00e9 o dia 16 de novembro<\/em><\/p>\n<p>A Universidade da Maturidade (UMA) \u2013 programa de extens\u00e3o da Universidade Federal do Tocantins (UFT) \u2013 juntamente com a Secretaria Nacional de Promo\u00e7\u00e3o e Defesa dos Direitos da Pessoa Idosa (SNDPI) e com Conselho Estadual dos Direitos da Pessoa Idosa do Tocantins (Cedi\/TO) convidam os gestores municipais do Tocantins a aderirem ao Pacto Nacional dos Direitos da Pessoa Idosa (PNDPI). A ades\u00e3o dever\u00e1 ser realizada at\u00e9 o dia 16 de novembro por meio do link <strong><a href=\"https:\/\/forms.gle\/13uJ5HPKfrn9GueF6\">https:\/\/forms.gle\/13uJ5HPKfrn9GueF6<\/a><\/strong><\/p>\n<p>O Pacto tem, por objetivo geral, assumir um compromisso formal entre os governos federal, estadual e municipal, de implementarem as principais pol\u00edticas p\u00fablicas que visam \u00e0 promo\u00e7\u00e3o e \u00e0 defesa dos direitos das pessoas idosas com a\u00e7\u00f5es estas previstas no Estatuto do Idoso tendo, especificamente, as seguintes propostas: Difundir a Pol\u00edtica Nacional dos Direitos da Pessoa Idosa, em especial o Estatuto do Idoso, em territ\u00f3rio nacional; Ampliar o n\u00famero de Conselhos dos Direitos das Pessoas Idosas; Reduzir o \u00edndice de viol\u00eancia contra a pessoa idosa; A cria\u00e7\u00e3o do Fundo Estadual e Municipal do Idoso; e A cria\u00e7\u00e3o da Rede de Cuidados e Prote\u00e7\u00e3o.<\/p>\n<p>A coordenadora da UMA, professora doutora Neila Os\u00f3rio, destaca que a ades\u00e3o ao PACTO \u00e9 totalmente sem \u00f4nus e que \u201cimpacta positivamente as politicas de envelhecimento dos munic\u00edpios, pois a forma\u00e7\u00e3o t\u00e9cnica ofertada aos que aderirem qualifica a equipe local e dessa forma aumenta a qualidade dos servi\u00e7os ofertados aos idosos\u201d.<\/p>\n<p>Caso o gestor municipal tenha d\u00favidas em rela\u00e7\u00e3o a ades\u00e3o ao pacto, dever\u00e1 entrar em contato pelo telefone 3218-2058 ou pelos e-mails ceditocantins@gmail.com\/ uma@uft.edu.br.<\/p>\n","protected":false},"excerpt":{"rendered":"<p>A ades\u00e3o dever\u00e1 ser realizada at\u00e9 o dia 16 de novembro A Universidade da Maturidade (UMA) \u2013 programa de extens\u00e3o da Universidade Federal do Tocantins (UFT) \u2013 juntamente com a Secretaria Nacional de Promo\u00e7\u00e3o e Defesa dos Direitos da Pessoa Idosa (SNDPI) e com Conselho Estadual dos Direitos da Pessoa Idosa do Tocantins (Cedi\/TO) convidam [&hellip;]<\/p>\n","protected":false},"author":2,"featured_media":800,"comment_status":"closed","ping_status":"closed","sticky":false,"template":"","format":"image","meta":{"footnotes":""},"categories":[1],"tags":[],"_links":{"self":[{"href":"https:\/\/sites.uft.edu.br\/uma\/wp-json\/wp\/v2\/posts\/798"}],"collection":[{"href":"https:\/\/sites.uft.edu.br\/uma\/wp-json\/wp\/v2\/posts"}],"about":[{"href":"https:\/\/sites.uft.edu.br\/uma\/wp-json\/wp\/v2\/types\/post"}],"author":[{"embeddable":true,"href":"https:\/\/sites.uft.edu.br\/uma\/wp-json\/wp\/v2\/users\/2"}],"replies":[{"embeddable":true,"href":"https:\/\/sites.uft.edu.br\/uma\/wp-json\/wp\/v2\/comments?post=798"}],"version-history":[{"count":5,"href":"https:\/\/sites.uft.edu.br\/uma\/wp-json\/wp\/v2\/posts\/798\/revisions"}],"predecessor-version":[{"id":804,"href":"https:\/\/sites.uft.edu.br\/uma\/wp-json\/wp\/v2\/posts\/798\/revisions\/804"}],"wp:featuredmedia":[{"embeddable":true,"href":"https:\/\/sites.uft.edu.br\/uma\/wp-json\/wp\/v2\/media\/800"}],"wp:attachment":[{"href":"https:\/\/sites.uft.edu.br\/uma\/wp-json\/wp\/v2\/media?parent=798"}],"wp:term":[{"taxonomy":"category","embeddable":true,"href":"https:\/\/sites.uft.edu.br\/uma\/wp-json\/wp\/v2\/categories?post=798"},{"taxonomy":"post_tag","embeddable":true,"href":"https:\/\/sites.uft.edu.br\/uma\/wp-json\/wp\/v2\/tags?post=798"}],"curies":[{"name":"wp","href":"https:\/\/api.w.org\/{rel}","templated":true}]}}