{"id":778,"date":"2021-10-01T16:25:37","date_gmt":"2021-10-01T19:25:37","guid":{"rendered":"http:\/\/sites.uft.edu.br\/uma\/?p=778"},"modified":"2021-10-01T16:28:47","modified_gmt":"2021-10-01T19:28:47","slug":"no-dia-internacional-da-pessoa-idosa-sessao-especial-no-senado-homenageia-a-uma","status":"publish","type":"post","link":"https:\/\/sites.uft.edu.br\/uma\/no-dia-internacional-da-pessoa-idosa-sessao-especial-no-senado-homenageia-a-uma\/","title":{"rendered":"No Dia Internacional da Pessoa Idosa, sess\u00e3o especial no Senado homenageia a UMA"},"content":{"rendered":"<p>Nesta sexta-feira (1\u00ba) de outubro \u00e9 comemorado o Dia Internacional do Idoso. No Brasil, a data coincide com a promulga\u00e7\u00e3o do Estatuto do Idoso, (Lei n\u00ba 10.741, de 1\u00ba de outubro de 2003), dispositivo que regulamenta os direitos assegurados \u00e0s pessoas com idade igual ou superior a 60 (sessenta) anos que vivem no Brasil.<\/p>\n<p>Nesta sexta-feira tamb\u00e9m a Universidade da Maturidade foi homenageada em sess\u00e3o especial no Senado, pelos seus 15 anos de cria\u00e7\u00e3o e atividades. A sess\u00e3o foi transmitida pelo<strong> <a href=\"https:\/\/www.youtube.com\/watch?v=pD8HJrKN0UY\">canal do senado no Youtube. <\/a><\/strong>O Dia Internacional do Idoso, segundo a ONU, refor\u00e7a os termos da Resolu\u00e7\u00e3o 46, que objetiva sensibilizar a sociedade mundial para as quest\u00f5es do envelhecimento, destacando a necessidade de prote\u00e7\u00e3o e de cuidados para com essa popula\u00e7\u00e3o.<\/p>\n<p>A sess\u00e3o do Senado que homenageou a UMA ocorreu de forma remota, devido \u00e0 pandemia da Covid-19. Em sua fala na sess\u00e3o, o coordenador da UMA, professor Luiz Sin\u00e9sio Neto, destacou que \u201ca UFT, mesmo sendo uma das mais jovens universidades do pa\u00eds, j\u00e1 est\u00e1 consolidada nacionalmente como refer\u00eancia na \u00e1rea de transfer\u00eancia de tecnologia social educacional para idosos para outras universidades e na produ\u00e7\u00e3o de conhecimento por meio de pesquisas na \u00e1rea do envelhecimento humano que garantem qualidade de vida a essa popula\u00e7\u00e3o\u201d.<\/p>\n<p><img loading=\"lazy\" decoding=\"async\" class=\" wp-image-783 aligncenter\" src=\"http:\/\/sites.uft.edu.br\/uma\/wp-content\/uploads\/2021\/10\/WhatsApp-Image-2021-10-01-at-12.32.09-300x200.jpeg\" alt=\"\" width=\"391\" height=\"260\" srcset=\"https:\/\/sites.uft.edu.br\/uma\/wp-content\/uploads\/2021\/10\/WhatsApp-Image-2021-10-01-at-12.32.09-300x200.jpeg 300w, https:\/\/sites.uft.edu.br\/uma\/wp-content\/uploads\/2021\/10\/WhatsApp-Image-2021-10-01-at-12.32.09-1024x682.jpeg 1024w, https:\/\/sites.uft.edu.br\/uma\/wp-content\/uploads\/2021\/10\/WhatsApp-Image-2021-10-01-at-12.32.09-768x512.jpeg 768w, https:\/\/sites.uft.edu.br\/uma\/wp-content\/uploads\/2021\/10\/WhatsApp-Image-2021-10-01-at-12.32.09-400x266.jpeg 400w, https:\/\/sites.uft.edu.br\/uma\/wp-content\/uploads\/2021\/10\/WhatsApp-Image-2021-10-01-at-12.32.09.jpeg 1252w\" sizes=\"(max-width: 391px) 100vw, 391px\" \/><\/p>\n<p>O acad\u00eamico da UMA de Aragua\u00edna, Jo\u00e3o Barros, 69 anos, \u00e9 um dos idosos que usufrui dessa tecnologia social, ele faz parte do programa desde 2020. \u201cNa UMA eu aprendi que podemos envelhecer com dignidade, esperan\u00e7a e respeito por todas as gera\u00e7\u00f5es. Aprendi que devemos buscar nossos direitos e fazer com que eles sejam respeitados\u201d, afirmou.<\/p>\n<p>Outra idosa que teve a vida transformada pela educa\u00e7\u00e3o por meio da UMA \u00e9 a acad\u00eamica Maria de F\u00e1tima Nunes, 67 anos, que participa do programa desde 2013 no polo de Palmas. \u201cEu frequentei s\u00f3 at\u00e9 a 4 serie do ensino fundamental e achava que nunca mais poderia frequentar uma sala de aula, mas a UMA me mostrou que tenho esse direito e que sou uma cidad\u00e3 como qualquer outra, com direitos e obriga\u00e7\u00f5es. A UMA coloriu minha vida novamente, hoje eu convivo melhor com a minha fam\u00edlia, com meus netos e com a sociedade\u201d, destacou.<\/p>\n<p><img loading=\"lazy\" decoding=\"async\" class=\"alignnone size-medium wp-image-791 aligncenter\" src=\"http:\/\/sites.uft.edu.br\/uma\/wp-content\/uploads\/2021\/10\/WhatsApp-Image-2021-10-01-at-14.03.27-241x300.jpeg\" alt=\"\" width=\"241\" height=\"300\" srcset=\"https:\/\/sites.uft.edu.br\/uma\/wp-content\/uploads\/2021\/10\/WhatsApp-Image-2021-10-01-at-14.03.27-241x300.jpeg 241w, https:\/\/sites.uft.edu.br\/uma\/wp-content\/uploads\/2021\/10\/WhatsApp-Image-2021-10-01-at-14.03.27-824x1024.jpeg 824w, https:\/\/sites.uft.edu.br\/uma\/wp-content\/uploads\/2021\/10\/WhatsApp-Image-2021-10-01-at-14.03.27-768x954.jpeg 768w, https:\/\/sites.uft.edu.br\/uma\/wp-content\/uploads\/2021\/10\/WhatsApp-Image-2021-10-01-at-14.03.27.jpeg 1030w\" sizes=\"(max-width: 241px) 100vw, 241px\" \/><\/p>\n<p>Nesses 15 anos, baseada no capitulo V, artigo 20, do Estatuto do Idoso, que fala que o idoso tem direito a educa\u00e7\u00e3o, cultura, esporte e lazer, a Universidade da Maturidade j\u00e1 formou mais de 5 mil idosos no Tocantins e j\u00e1 esteve presente em Tocantin\u00f3polis, Miracema e Regi\u00e3o, Gurupi, Brejinho de Nazar\u00e9 e Arraias, tamb\u00e9m em Campina Grande (PB); e j\u00e1 transferiu sua tecnologia social para outras universidades federais, como a do Paran\u00e1, de Amap\u00e1 e de Bras\u00edlia. Atualmente, o projeto est\u00e1 presente em Aragua\u00edna, Dian\u00f3polis, Palmas, Para\u00edso do Tocantins, Porto Nacional, Tocant\u00ednia e na Universidade Federal de Mato Groso do Sul (UFMS).<\/p>\n<p><strong>Document\u00e1rio<\/strong><\/p>\n<p>Tamb\u00e9m durante a sess\u00e3o foi lan\u00e7ado o document\u00e1rio \u201cUniversidade da Maturidade: 15 anos de oportunidade e esperan\u00e7a\u201d, que foi gravado este ano, com objetivo de fazer um resgate hist\u00f3rico da UMA, desde a sua cria\u00e7\u00e3o, primeiros integrantes, projetos executados e das atividades que est\u00e3o sendo realizadas atualmente e pode ser conferido pelo <strong><a href=\"https:\/\/youtube.com\/user\/umauft\">canal da UMA no Youtube.<\/a><\/strong><\/p>\n<p>&nbsp;<\/p>\n<p><img loading=\"lazy\" decoding=\"async\" class=\"alignnone size-medium wp-image-784\" src=\"http:\/\/sites.uft.edu.br\/uma\/wp-content\/uploads\/2021\/10\/BANNER-02-UMA-300x169.jpg\" alt=\"\" width=\"300\" height=\"169\" srcset=\"https:\/\/sites.uft.edu.br\/uma\/wp-content\/uploads\/2021\/10\/BANNER-02-UMA-300x169.jpg 300w, https:\/\/sites.uft.edu.br\/uma\/wp-content\/uploads\/2021\/10\/BANNER-02-UMA-1024x576.jpg 1024w, https:\/\/sites.uft.edu.br\/uma\/wp-content\/uploads\/2021\/10\/BANNER-02-UMA-768x432.jpg 768w, https:\/\/sites.uft.edu.br\/uma\/wp-content\/uploads\/2021\/10\/BANNER-02-UMA-1536x864.jpg 1536w, https:\/\/sites.uft.edu.br\/uma\/wp-content\/uploads\/2021\/10\/BANNER-02-UMA.jpg 1920w\" sizes=\"(max-width: 300px) 100vw, 300px\" \/><\/p>\n<p>&nbsp;<\/p>\n<p>&nbsp;<\/p>\n<p>&nbsp;<\/p>\n","protected":false},"excerpt":{"rendered":"<p>Nesta sexta-feira (1\u00ba) de outubro \u00e9 comemorado o Dia Internacional do Idoso. No Brasil, a data coincide com a promulga\u00e7\u00e3o do Estatuto do Idoso, (Lei n\u00ba 10.741, de 1\u00ba de outubro de 2003), dispositivo que regulamenta os direitos assegurados \u00e0s pessoas com idade igual ou superior a 60 (sessenta) anos que vivem no Brasil. Nesta [&hellip;]<\/p>\n","protected":false},"author":2,"featured_media":782,"comment_status":"closed","ping_status":"closed","sticky":false,"template":"","format":"standard","meta":{"footnotes":""},"categories":[1],"tags":[],"_links":{"self":[{"href":"https:\/\/sites.uft.edu.br\/uma\/wp-json\/wp\/v2\/posts\/778"}],"collection":[{"href":"https:\/\/sites.uft.edu.br\/uma\/wp-json\/wp\/v2\/posts"}],"about":[{"href":"https:\/\/sites.uft.edu.br\/uma\/wp-json\/wp\/v2\/types\/post"}],"author":[{"embeddable":true,"href":"https:\/\/sites.uft.edu.br\/uma\/wp-json\/wp\/v2\/users\/2"}],"replies":[{"embeddable":true,"href":"https:\/\/sites.uft.edu.br\/uma\/wp-json\/wp\/v2\/comments?post=778"}],"version-history":[{"count":10,"href":"https:\/\/sites.uft.edu.br\/uma\/wp-json\/wp\/v2\/posts\/778\/revisions"}],"predecessor-version":[{"id":792,"href":"https:\/\/sites.uft.edu.br\/uma\/wp-json\/wp\/v2\/posts\/778\/revisions\/792"}],"wp:featuredmedia":[{"embeddable":true,"href":"https:\/\/sites.uft.edu.br\/uma\/wp-json\/wp\/v2\/media\/782"}],"wp:attachment":[{"href":"https:\/\/sites.uft.edu.br\/uma\/wp-json\/wp\/v2\/media?parent=778"}],"wp:term":[{"taxonomy":"category","embeddable":true,"href":"https:\/\/sites.uft.edu.br\/uma\/wp-json\/wp\/v2\/categories?post=778"},{"taxonomy":"post_tag","embeddable":true,"href":"https:\/\/sites.uft.edu.br\/uma\/wp-json\/wp\/v2\/tags?post=778"}],"curies":[{"name":"wp","href":"https:\/\/api.w.org\/{rel}","templated":true}]}}