{"id":774,"date":"2021-09-28T21:39:26","date_gmt":"2021-09-29T00:39:26","guid":{"rendered":"http:\/\/sites.uft.edu.br\/uma\/?p=774"},"modified":"2021-09-28T21:39:26","modified_gmt":"2021-09-29T00:39:26","slug":"universidade-da-maturidade-e-homenageada-em-sessao-especial-do-senado-pelos-seus-15-anos-de-criacao","status":"publish","type":"post","link":"https:\/\/sites.uft.edu.br\/uma\/universidade-da-maturidade-e-homenageada-em-sessao-especial-do-senado-pelos-seus-15-anos-de-criacao\/","title":{"rendered":"Universidade da Maturidade \u00e9 homenageada em sess\u00e3o especial do Senado pelos seus 15 anos de cria\u00e7\u00e3o"},"content":{"rendered":"<p>O Senado Federal realizar\u00e1 nesta sexta-feira, 1\u00ba de outubro, \u00e0s 10 horas, uma sess\u00e3o especial em Homenagem aos 15 anos de cria\u00e7\u00e3o e atividades da Universidade da Maturidade (UMA) \u2013 Programa de Extens\u00e3o da Universidade Federal do Tocantins (UFT). A sess\u00e3o ser\u00e1 transmitida pelo canal no Youtube TV Senado Oficial &#8211; <a href=\"https:\/\/www.youtube.com\/c\/tvsenado.\">https:\/\/www.youtube.com\/c\/tvsenado.<\/a><\/p>\n<p>O senador tocantinense Eduardo Gomes, autor do requerimento para realiza\u00e7\u00e3o da homenagem e apoiador da UMA, ressalta que \u201cao longo desses 15 anos, a Universidade da Maturidade assenta sua miss\u00e3o numa metodologia peculiar, contando com profissionais capacitados que t\u00eam aten\u00e7\u00e3o e respeito ao idoso, oferecendo novas concep\u00e7\u00f5es de mundo e desafios aos alunos, dando oportunidade para essa gera\u00e7\u00e3o que tanto contribuiu para o pa\u00eds e a quem t\u00e3o pouco ou nada se garantiu\u201d.<\/p>\n<p>Luiz Sin\u00e9sio Neto, coordenador da UMA, destaca que essa homenagem representa a coroa\u00e7\u00e3o de 15 anos de luta pela valoriza\u00e7\u00e3o dos idosos. \u201cTrabalhamos diariamente para que os idosos, por meio da educa\u00e7\u00e3o, tenham uma velhice digna com a garantia de todos os seus direitos e essa homenagem, sendo ainda nesta data que \u00e9 o Dia Internacional do Idoso, nos deixa ainda mais felizes\u201d, afirma.<\/p>\n<p>Durante a transmiss\u00e3o, ser\u00e1 exibido o document\u00e1rio \u201cUniversidade da Maturidade: 15 anos de oportunidade e esperan\u00e7a\u201d, que foi gravado este ano, com objetivo de fazer um resgate hist\u00f3rico da UMA, desde a sua cria\u00e7\u00e3o, primeiros integrantes, projetos executados e das atividades que est\u00e3o sendo realizadas atualmente. Tamb\u00e9m durante a homenagem ter\u00e1 a participa\u00e7\u00e3o de acad\u00eamicos dando depoimentos de como \u00e9 participar desse programa.<\/p>\n<p>Nesses 15 anos, a UMA j\u00e1 formou cerca de 5 mil idosos e j\u00e1 esteve presente em\u00a0 Tocantin\u00f3polis, Miracema e Regi\u00e3o, Gurupi, Brejinho de Nazar\u00e9 e Arraias, tamb\u00e9m em Campina Grande (PB); e j\u00e1 transferiu sua tecnologia social para outras universidades federais, como a do Paran\u00e1, de Amap\u00e1 e de Bras\u00edlia. Atualmente, o projeto est\u00e1 presente em Aragua\u00edna, Dian\u00f3polis, Palmas, Para\u00edso do Tocantins, Porto Nacional, Tocant\u00ednia e na Universidade Federal de Mato Grosso do Sul (UFMS).<\/p>\n","protected":false},"excerpt":{"rendered":"<p>O Senado Federal realizar\u00e1 nesta sexta-feira, 1\u00ba de outubro, \u00e0s 10 horas, uma sess\u00e3o especial em Homenagem aos 15 anos de cria\u00e7\u00e3o e atividades da Universidade da Maturidade (UMA) \u2013 Programa de Extens\u00e3o da Universidade Federal do Tocantins (UFT). A sess\u00e3o ser\u00e1 transmitida pelo canal no Youtube TV Senado Oficial &#8211; https:\/\/www.youtube.com\/c\/tvsenado. O senador tocantinense [&hellip;]<\/p>\n","protected":false},"author":2,"featured_media":775,"comment_status":"closed","ping_status":"closed","sticky":false,"template":"","format":"standard","meta":{"footnotes":""},"categories":[1],"tags":[],"_links":{"self":[{"href":"https:\/\/sites.uft.edu.br\/uma\/wp-json\/wp\/v2\/posts\/774"}],"collection":[{"href":"https:\/\/sites.uft.edu.br\/uma\/wp-json\/wp\/v2\/posts"}],"about":[{"href":"https:\/\/sites.uft.edu.br\/uma\/wp-json\/wp\/v2\/types\/post"}],"author":[{"embeddable":true,"href":"https:\/\/sites.uft.edu.br\/uma\/wp-json\/wp\/v2\/users\/2"}],"replies":[{"embeddable":true,"href":"https:\/\/sites.uft.edu.br\/uma\/wp-json\/wp\/v2\/comments?post=774"}],"version-history":[{"count":1,"href":"https:\/\/sites.uft.edu.br\/uma\/wp-json\/wp\/v2\/posts\/774\/revisions"}],"predecessor-version":[{"id":776,"href":"https:\/\/sites.uft.edu.br\/uma\/wp-json\/wp\/v2\/posts\/774\/revisions\/776"}],"wp:featuredmedia":[{"embeddable":true,"href":"https:\/\/sites.uft.edu.br\/uma\/wp-json\/wp\/v2\/media\/775"}],"wp:attachment":[{"href":"https:\/\/sites.uft.edu.br\/uma\/wp-json\/wp\/v2\/media?parent=774"}],"wp:term":[{"taxonomy":"category","embeddable":true,"href":"https:\/\/sites.uft.edu.br\/uma\/wp-json\/wp\/v2\/categories?post=774"},{"taxonomy":"post_tag","embeddable":true,"href":"https:\/\/sites.uft.edu.br\/uma\/wp-json\/wp\/v2\/tags?post=774"}],"curies":[{"name":"wp","href":"https:\/\/api.w.org\/{rel}","templated":true}]}}