{"id":771,"date":"2021-09-27T15:29:43","date_gmt":"2021-09-27T18:29:43","guid":{"rendered":"http:\/\/sites.uft.edu.br\/uma\/?p=771"},"modified":"2021-09-27T15:29:43","modified_gmt":"2021-09-27T18:29:43","slug":"uma-uft-e-parceira-da-universidade-federal-do-mato-grosso-do-sul-na-implantacao-de-universidade-aberta-a-pessoa-idosa","status":"publish","type":"post","link":"https:\/\/sites.uft.edu.br\/uma\/uma-uft-e-parceira-da-universidade-federal-do-mato-grosso-do-sul-na-implantacao-de-universidade-aberta-a-pessoa-idosa\/","title":{"rendered":"UMA\/UFT \u00e9 parceira da Universidade Federal do Mato Grosso do Sul na implanta\u00e7\u00e3o de Universidade Aberta \u00e0 Pessoa Idosa"},"content":{"rendered":"<p>Os coordenadores da Universidade da Maturidade (UMA) \u2013 Programa de Extens\u00e3o da Universidade Federal do Tocantins (UFT), professora Neila Os\u00f3rio e professor Luiz Sin\u00e9sio Neto, participaram nesta segunda-feira (27), em Campo Grande (MS), da inaugura\u00e7\u00e3o das atividades dos espa\u00e7os destinados ao atendimento da Universidade Aberta \u00e0 Pessoa Idosa (UnAPI), que integra a Universidade Federal do Mato Grosso do Sul (UFMS).<\/p>\n<p>A UnAPI \u00e9 fruto da transfer\u00eancia de tecnologia social da UMA, por meio de acordo de coopera\u00e7\u00e3o firmado entre UFMS e a UFT, e que tem como objetivo apoiar, promover e fortalecer o desenvolvimento de a\u00e7\u00f5es integradas de ensino, pesquisa, extens\u00e3o e inova\u00e7\u00e3o que possuam como foco a valoriza\u00e7\u00e3o da pessoa idosa na sociedade e a qualifica\u00e7\u00e3o dos servi\u00e7os e das pol\u00edticas sociais p\u00fablicas voltadas a este segmento populacional.<\/p>\n<p>\u201cEssa parceria demonstra o quanto a UMA, ao longo desses 15 anos, vem gerando um arcabou\u00e7o de conhecimento em ci\u00eancia e tecnologia que tem levando o nome da extens\u00e3o e da pesquisa tocantinense para outros estados e, assim, tem se tornado refer\u00eancia nacional na \u00e1rea do envelhecimento humano\u201d, destacou Neto.<\/p>\n<p>A tecnologia social da UMA, que consiste no desenvolvimento de m\u00e9todos para atuar na resolu\u00e7\u00e3o de problemas na vida dos idosos por meio da educa\u00e7\u00e3o, j\u00e1 foi transferida para as Universidade de Bras\u00edlia (UNB), Universidade Federal da Para\u00edba (UFPB), Universidade Federal do Paran\u00e1 (UFPR), e Universidade Federal do Amap\u00e1 (UNIFAP).<\/p>\n","protected":false},"excerpt":{"rendered":"<p>Os coordenadores da Universidade da Maturidade (UMA) \u2013 Programa de Extens\u00e3o da Universidade Federal do Tocantins (UFT), professora Neila Os\u00f3rio e professor Luiz Sin\u00e9sio Neto, participaram nesta segunda-feira (27), em Campo Grande (MS), da inaugura\u00e7\u00e3o das atividades dos espa\u00e7os destinados ao atendimento da Universidade Aberta \u00e0 Pessoa Idosa (UnAPI), que integra a Universidade Federal do [&hellip;]<\/p>\n","protected":false},"author":2,"featured_media":772,"comment_status":"closed","ping_status":"closed","sticky":false,"template":"","format":"standard","meta":{"footnotes":""},"categories":[1],"tags":[],"_links":{"self":[{"href":"https:\/\/sites.uft.edu.br\/uma\/wp-json\/wp\/v2\/posts\/771"}],"collection":[{"href":"https:\/\/sites.uft.edu.br\/uma\/wp-json\/wp\/v2\/posts"}],"about":[{"href":"https:\/\/sites.uft.edu.br\/uma\/wp-json\/wp\/v2\/types\/post"}],"author":[{"embeddable":true,"href":"https:\/\/sites.uft.edu.br\/uma\/wp-json\/wp\/v2\/users\/2"}],"replies":[{"embeddable":true,"href":"https:\/\/sites.uft.edu.br\/uma\/wp-json\/wp\/v2\/comments?post=771"}],"version-history":[{"count":1,"href":"https:\/\/sites.uft.edu.br\/uma\/wp-json\/wp\/v2\/posts\/771\/revisions"}],"predecessor-version":[{"id":773,"href":"https:\/\/sites.uft.edu.br\/uma\/wp-json\/wp\/v2\/posts\/771\/revisions\/773"}],"wp:featuredmedia":[{"embeddable":true,"href":"https:\/\/sites.uft.edu.br\/uma\/wp-json\/wp\/v2\/media\/772"}],"wp:attachment":[{"href":"https:\/\/sites.uft.edu.br\/uma\/wp-json\/wp\/v2\/media?parent=771"}],"wp:term":[{"taxonomy":"category","embeddable":true,"href":"https:\/\/sites.uft.edu.br\/uma\/wp-json\/wp\/v2\/categories?post=771"},{"taxonomy":"post_tag","embeddable":true,"href":"https:\/\/sites.uft.edu.br\/uma\/wp-json\/wp\/v2\/tags?post=771"}],"curies":[{"name":"wp","href":"https:\/\/api.w.org\/{rel}","templated":true}]}}