{"id":766,"date":"2021-09-27T09:13:30","date_gmt":"2021-09-27T12:13:30","guid":{"rendered":"http:\/\/sites.uft.edu.br\/uma\/?p=766"},"modified":"2021-09-27T09:13:30","modified_gmt":"2021-09-27T12:13:30","slug":"uma-e-universidade-catolica-de-brasilia-realizam-curso-sobre-oxido-nitrico-neste-sabado-25","status":"publish","type":"post","link":"https:\/\/sites.uft.edu.br\/uma\/uma-e-universidade-catolica-de-brasilia-realizam-curso-sobre-oxido-nitrico-neste-sabado-25\/","title":{"rendered":"UMA e Universidade Cat\u00f3lica de Bras\u00edlia realizam curso sobre \u00f3xido n\u00edtrico neste s\u00e1bado, 25"},"content":{"rendered":"<p>A Universidade da Maturidade (UMA) \u2013 Programa de Extens\u00e3o da Universidade Federal do Tocantins (UFT), em parceria com a Universidade Cat\u00f3lica de Bras\u00edlia (UCB), realizar\u00e1 neste s\u00e1bado, 25, o curso \u201cTeoria e pr\u00e1tica na aplica\u00e7\u00e3o e mensura\u00e7\u00e3o da biodisponibilidade do \u00f3xido n\u00edtrico em amostras biol\u00f3gicas\u201d. O curso acontecer\u00e1 durante todo o dia no pr\u00e9dio da UMA \u2013 C\u00e2mpus Palmas da UFT e ser\u00e1 ministrado pelo doutor Thiago Rosa, da UCB.<\/p>\n<p>O coordenador da UMA, professor doutor Luiz Sin\u00e9sio Neto, explicou que \u201co \u00f3xido n\u00edtrico \u00e9 um mediador gasoso respons\u00e1vel por uma variedade de fen\u00f4menos fisiol\u00f3gicos e que ele atua em diversos sistemas do corpo humano, como no sistema nervoso, cardiovascular, muscular, renal, respirat\u00f3rio, reprodutor e nos vasos sangu\u00edneos e que sua biodisponibilidade est\u00e1 relacionada a uma s\u00e9rie de doen\u00e7as, como hipertens\u00e3o, doen\u00e7as cardiovasculares, doen\u00e7as neurol\u00f3gicas entre outras\u201d.<\/p>\n<p>\u201cComo professor do curso de medicina da UFT e pesquisador na \u00e1rea da sa\u00fade, eu vi a necessidade da realiza\u00e7\u00e3o desse curso para que estudantes, pesquisadores e profissionais da sa\u00fade possam conhecer mais sobre esse importante g\u00e1s, e o Thiago \u00e9 renomado nesse assunto\u201d, disse Neto.<\/p>\n<p>De acordo com Thiago Rosa, o curso abordar\u00e1 teoria e pr\u00e1tica. \u201cNo per\u00edodo da manh\u00e3, daremos uma vis\u00e3o geral sobre o \u00f3xido n\u00edtrico em diversos \u00e2mbitos e no per\u00edodo da tarde, faremos uma avalia\u00e7\u00e3o pr\u00e1tica na dosagem desse g\u00e1s, o que permitir\u00e1 que os participantes saiam habilitados a realizar a dosagem do \u00f3xido n\u00edtrico em diferentes flu\u00eddos\u201d, explicou.<\/p>\n<p><strong>Perfil<\/strong><\/p>\n<p>Thiago Rosa \u00e9 mestre em biotecnologia pela Universidade de Mogi das Cruzes; Doutor pelo departamento de Medicina da Universidade Federal de S\u00e3o Paulo e P\u00f3s-Doutor pela Universidade Cat\u00f3lica de Bras\u00edlia (UCB). \u00c9 coordenador do Grupo de estudos e Laborat\u00f3rio de Exercinas e Sa\u00fade (LExS); e cooordenador dos cursos de P\u00f3s-Gradua\u00e7\u00e3o Lato Sensu em Exerc\u00edcio F\u00edsico como Pr\u00e1tica em Sa\u00fade e coordenador do Laborat\u00f3rio de Imunogerontologia e Biologia Molecular do Exerc\u00edcio (UCB).<\/p>\n","protected":false},"excerpt":{"rendered":"<p>A Universidade da Maturidade (UMA) \u2013 Programa de Extens\u00e3o da Universidade Federal do Tocantins (UFT), em parceria com a Universidade Cat\u00f3lica de Bras\u00edlia (UCB), realizar\u00e1 neste s\u00e1bado, 25, o curso \u201cTeoria e pr\u00e1tica na aplica\u00e7\u00e3o e mensura\u00e7\u00e3o da biodisponibilidade do \u00f3xido n\u00edtrico em amostras biol\u00f3gicas\u201d. O curso acontecer\u00e1 durante todo o dia no pr\u00e9dio da [&hellip;]<\/p>\n","protected":false},"author":2,"featured_media":769,"comment_status":"closed","ping_status":"closed","sticky":false,"template":"","format":"standard","meta":{"footnotes":""},"categories":[1],"tags":[],"_links":{"self":[{"href":"https:\/\/sites.uft.edu.br\/uma\/wp-json\/wp\/v2\/posts\/766"}],"collection":[{"href":"https:\/\/sites.uft.edu.br\/uma\/wp-json\/wp\/v2\/posts"}],"about":[{"href":"https:\/\/sites.uft.edu.br\/uma\/wp-json\/wp\/v2\/types\/post"}],"author":[{"embeddable":true,"href":"https:\/\/sites.uft.edu.br\/uma\/wp-json\/wp\/v2\/users\/2"}],"replies":[{"embeddable":true,"href":"https:\/\/sites.uft.edu.br\/uma\/wp-json\/wp\/v2\/comments?post=766"}],"version-history":[{"count":2,"href":"https:\/\/sites.uft.edu.br\/uma\/wp-json\/wp\/v2\/posts\/766\/revisions"}],"predecessor-version":[{"id":770,"href":"https:\/\/sites.uft.edu.br\/uma\/wp-json\/wp\/v2\/posts\/766\/revisions\/770"}],"wp:featuredmedia":[{"embeddable":true,"href":"https:\/\/sites.uft.edu.br\/uma\/wp-json\/wp\/v2\/media\/769"}],"wp:attachment":[{"href":"https:\/\/sites.uft.edu.br\/uma\/wp-json\/wp\/v2\/media?parent=766"}],"wp:term":[{"taxonomy":"category","embeddable":true,"href":"https:\/\/sites.uft.edu.br\/uma\/wp-json\/wp\/v2\/categories?post=766"},{"taxonomy":"post_tag","embeddable":true,"href":"https:\/\/sites.uft.edu.br\/uma\/wp-json\/wp\/v2\/tags?post=766"}],"curies":[{"name":"wp","href":"https:\/\/api.w.org\/{rel}","templated":true}]}}