{"id":756,"date":"2021-09-21T23:24:40","date_gmt":"2021-09-22T02:24:40","guid":{"rendered":"http:\/\/sites.uft.edu.br\/uma\/?p=756"},"modified":"2021-09-23T07:52:46","modified_gmt":"2021-09-23T10:52:46","slug":"coordenador-da-uma-realiza-palestra-sobre-prevencao-e-tratamento-do-alzheimer","status":"publish","type":"post","link":"https:\/\/sites.uft.edu.br\/uma\/coordenador-da-uma-realiza-palestra-sobre-prevencao-e-tratamento-do-alzheimer\/","title":{"rendered":"Coordenador da UMA realiza palestra sobre preven\u00e7\u00e3o e tratamento do Alzheimer"},"content":{"rendered":"<p>O coordenador da Universidade da Maturidade (UMA) \u2013 Programa de Extens\u00e3o da Universidade Federal do Tocantins (UFT) \u2013 e presidente da Associa\u00e7\u00e3o Brasileira de Alzheimer Seccional Tocantins (Abraz\/TO), professor doutor Luiz Sin\u00e9sio Neto, ministrou nesta ter\u00e7a-feira, 21, Dia Mundial do Alzheimer, palestra com o tema &#8220;Mexa-se: o exerc\u00edcio f\u00edsico para a preven\u00e7\u00e3o e tratamento de Alzheimer&#8221;.<\/p>\n<p>A palestra foi realizada no canal do YouTube da Universidade do Envelhecer da Universidade de Bras\u00edlia (UniSer\/UNB) e teve como objetivo destacar a import\u00e2ncia da pr\u00e1tica de exerc\u00edcio f\u00edsico para preven\u00e7\u00e3o da doen\u00e7a de Alzheimer. Neto apresentou dados do relat\u00f3rio mundial do Alzheimer \u2013 2021, que aponta que 75% dos 55 milh\u00f5es de pessoas com dem\u00eancia n\u00e3o s\u00e3o diagnosticadas em todo o mundo e esse \u00edndice chega a 90% nos pa\u00edses de renda m\u00e9dia e baixa. Os dados s\u00e3o da ABRAz e da Alzheimer\u2019s Disease International (ADI), a federa\u00e7\u00e3o global que representa mais de 100 associa\u00e7\u00f5es de Alzheimer e dem\u00eancia e podem ser conferido completo<strong> <a href=\"https:\/\/abraz.org.br\/2020\/2021\/09\/21\/relatorio-mundial-de-alzheimer-2021\/\">aqui<\/a>.<\/strong><!--more--><!--more--><!--more--><\/p>\n<p>Em sua fala, Neto destacou diversas vezes que o exerc\u00edcio f\u00edsico aliado a uma rotina de vida saud\u00e1vel n\u00e3o serve apenas para prevenir o Alzheimer, mas tamb\u00e9m ajuda a evitar o aparecimento de diversas outras dem\u00eancias que podem afetar pessoas jovens e velhas. A palestra teve como p\u00fablico alunos da UMA e UniSer, acad\u00eamicos de gradua\u00e7\u00e3o e p\u00f3s-gradua\u00e7\u00e3o e sociedade em geral. Assista\u00a0<strong><a href=\"https:\/\/www.youtube.com\/watch?v=PU656PfjUgs\" target=\"_blank\" rel=\"noopener\">aqui<\/a><\/strong><\/p>\n<h3>Abraz\/TO<\/h3>\n<p>A Abraz\/TO funciona no pr\u00e9dio da Universidade da Maturidade (UMA) no C\u00e2mpus de Palmas, e tem como miss\u00e3o melhorar a qualidade de vida das pessoas com a Doen\u00e7a de Alzheimer e seus familiares, buscar junto aos \u00f3rg\u00e3os p\u00fablicos meios para possibilitar um melhor atendimento \u00e0s pessoas envolvidas com DA, orientar as pessoas com Alzheimer e familiares por meio de reuni\u00f5es com grupos de apoio, e estudar o tema para auxiliar o poder p\u00fablico nas a\u00e7\u00f5es relativas \u00e0 dem\u00eancia.<\/p>\n<p>&nbsp;<\/p>\n<p>&nbsp;<\/p>\n<p>&nbsp;<\/p>\n","protected":false},"excerpt":{"rendered":"<p>O coordenador da Universidade da Maturidade (UMA) \u2013 Programa de Extens\u00e3o da Universidade Federal do Tocantins (UFT) \u2013 e presidente da Associa\u00e7\u00e3o Brasileira de Alzheimer Seccional Tocantins (Abraz\/TO), professor doutor Luiz Sin\u00e9sio Neto, ministrou nesta ter\u00e7a-feira, 21, Dia Mundial do Alzheimer, palestra com o tema &#8220;Mexa-se: o exerc\u00edcio f\u00edsico para a preven\u00e7\u00e3o e tratamento de [&hellip;]<\/p>\n","protected":false},"author":2,"featured_media":763,"comment_status":"closed","ping_status":"closed","sticky":false,"template":"","format":"image","meta":{"footnotes":""},"categories":[1],"tags":[],"_links":{"self":[{"href":"https:\/\/sites.uft.edu.br\/uma\/wp-json\/wp\/v2\/posts\/756"}],"collection":[{"href":"https:\/\/sites.uft.edu.br\/uma\/wp-json\/wp\/v2\/posts"}],"about":[{"href":"https:\/\/sites.uft.edu.br\/uma\/wp-json\/wp\/v2\/types\/post"}],"author":[{"embeddable":true,"href":"https:\/\/sites.uft.edu.br\/uma\/wp-json\/wp\/v2\/users\/2"}],"replies":[{"embeddable":true,"href":"https:\/\/sites.uft.edu.br\/uma\/wp-json\/wp\/v2\/comments?post=756"}],"version-history":[{"count":5,"href":"https:\/\/sites.uft.edu.br\/uma\/wp-json\/wp\/v2\/posts\/756\/revisions"}],"predecessor-version":[{"id":764,"href":"https:\/\/sites.uft.edu.br\/uma\/wp-json\/wp\/v2\/posts\/756\/revisions\/764"}],"wp:featuredmedia":[{"embeddable":true,"href":"https:\/\/sites.uft.edu.br\/uma\/wp-json\/wp\/v2\/media\/763"}],"wp:attachment":[{"href":"https:\/\/sites.uft.edu.br\/uma\/wp-json\/wp\/v2\/media?parent=756"}],"wp:term":[{"taxonomy":"category","embeddable":true,"href":"https:\/\/sites.uft.edu.br\/uma\/wp-json\/wp\/v2\/categories?post=756"},{"taxonomy":"post_tag","embeddable":true,"href":"https:\/\/sites.uft.edu.br\/uma\/wp-json\/wp\/v2\/tags?post=756"}],"curies":[{"name":"wp","href":"https:\/\/api.w.org\/{rel}","templated":true}]}}