{"id":749,"date":"2021-09-21T22:19:04","date_gmt":"2021-09-22T01:19:04","guid":{"rendered":"http:\/\/sites.uft.edu.br\/uma\/?p=749"},"modified":"2021-09-21T22:19:04","modified_gmt":"2021-09-22T01:19:04","slug":"academicos-da-uma-participam-de-dia-de-campo-em-meliponicultura-promovido-pelo-unicatolica","status":"publish","type":"post","link":"https:\/\/sites.uft.edu.br\/uma\/academicos-da-uma-participam-de-dia-de-campo-em-meliponicultura-promovido-pelo-unicatolica\/","title":{"rendered":"Acad\u00eamicos da UMA participam de Dia de Campo em Meliponicultura promovido pelo UniCat\u00f3lica"},"content":{"rendered":"<p>Os acad\u00eamicos da Universidade da Maturidade (UMA) \u2013 Programa de Extens\u00e3o da Universidade Federal do Tocantins (UFT) \u2013 participaram na \u00faltima sexta-feira, 17, do Dia de Campo em Meliponicultura na unidade II do Centro Universit\u00e1rio Cat\u00f3lica do Tocantins (UniCat\u00f3lica). A Meliponicultura \u00e9 a atividade de manejo de abelhas sem ferr\u00e3o, seja como complemento de renda ou hobby e o evento promoveu uma capacita\u00e7\u00e3o voltada \u00e0 educa\u00e7\u00e3o ambiental acerca do assunto.<\/p>\n<p>Os participantes iniciaram o dia com um momento em sala de aula, conduzido pelo professor doutor Peter Gaberz Kirschinik, onde aprenderam sobre o manejo das abelhas sem ferr\u00e3o e as diferen\u00e7as entre outras esp\u00e9cies. Em seguida, teve demonstra\u00e7\u00e3o em campo no melipon\u00e1rio e outras instala\u00e7\u00f5es do UniCat\u00f3lica e encerrando a manh\u00e3 foram apresentados os tipos de caixas que podem ser usadas na cria\u00e7\u00e3o das abelhas, a alimenta\u00e7\u00e3o e manuten\u00e7\u00e3o das colmeias. No per\u00edodo da tarde, os alunos vivenciaram experi\u00eancias em campo com a cria\u00e7\u00e3o de iscas e implanta\u00e7\u00e3o nas \u00e1rvores.<\/p>\n<figure id=\"attachment_750\" aria-describedby=\"caption-attachment-750\" style=\"width: 387px\" class=\"wp-caption aligncenter\"><img loading=\"lazy\" decoding=\"async\" class=\" wp-image-750\" src=\"http:\/\/sites.uft.edu.br\/uma\/wp-content\/uploads\/2021\/09\/WhatsApp-Image-2021-09-21-at-22.09.45-1-300x199.jpeg\" alt=\"\" width=\"387\" height=\"257\" srcset=\"https:\/\/sites.uft.edu.br\/uma\/wp-content\/uploads\/2021\/09\/WhatsApp-Image-2021-09-21-at-22.09.45-1-300x200.jpeg 300w, https:\/\/sites.uft.edu.br\/uma\/wp-content\/uploads\/2021\/09\/WhatsApp-Image-2021-09-21-at-22.09.45-1-1024x681.jpeg 1024w, https:\/\/sites.uft.edu.br\/uma\/wp-content\/uploads\/2021\/09\/WhatsApp-Image-2021-09-21-at-22.09.45-1-768x511.jpeg 768w, https:\/\/sites.uft.edu.br\/uma\/wp-content\/uploads\/2021\/09\/WhatsApp-Image-2021-09-21-at-22.09.45-1-400x266.jpeg 400w, https:\/\/sites.uft.edu.br\/uma\/wp-content\/uploads\/2021\/09\/WhatsApp-Image-2021-09-21-at-22.09.45-1.jpeg 1280w\" sizes=\"(max-width: 387px) 100vw, 387px\" \/><figcaption id=\"caption-attachment-750\" class=\"wp-caption-text\">Foto: Kezia No\u00e1 &#8211; Ascom UniCat\u00f3lica<\/figcaption><\/figure>\n<p>A professora mestra e coordenadora do Observat\u00f3rio de Ecologia Integral e do Programa de Educa\u00e7\u00e3o Ambiental do UniCat\u00f3lica, Chryss Ferreira Macedo, parceira do evento, reafirma o compromisso da Institui\u00e7\u00e3o com a comunidade. \u201cO UniCat\u00f3lica, na sua miss\u00e3o, preza a sustentabilidade e o apoio \u00e0 comunidade externa e dentro dela est\u00e3o diversos p\u00fablicos e um deles \u00e9 a Universidade da Maturidade (UMA) que trabalha com os idosos e assim aproximar ainda mais e estreitar essa parceria. O Observat\u00f3rio de Ecologia Integral tem esse car\u00e1ter de pesquisa, de trabalho na linha de Educa\u00e7\u00e3o seja ela formal ou informal, e com essa aproxima\u00e7\u00e3o do curso de Zootecnia trouxemos essa forma\u00e7\u00e3o com o Dia de Meliponicultura e uma desmitifica\u00e7\u00e3o a respeito das abelhas\u201d, pontua a docente.<\/p>\n<p><strong>O contato com as abelhas<\/strong><\/p>\n<p>A acad\u00eamica da UMA, Venecy Pereira dos Santos, 73 anos, ficou feliz em participar da atividade e disse que j\u00e1 almeja outros encontros. \u201cAchei esse momento espetacular, a UMA como sempre tem nos surpreendido com essa categoria de trabalho e parcerias e ficamos agradecidos por estar nos mostrando tudo isso. Muitos aqui n\u00e3o conhecem, \u00e9 a primeira vez que estamos neste tipo de evento e creio que haver\u00e1 muitos outros. Para mim \u00e9 maravilhoso adquirir esse tipo de aprendizado, pois n\u00e3o temos a capacidade muito grande de estar decorando mais, por\u00e9m o que a gente v\u00ea e guarda serve para n\u00f3s, os nossos netos e outras pessoas\u201d, disse.<\/p>\n<p>Por Kezia No\u00e1 &#8211; Ascom UniCat\u00f3lica<\/p>\n","protected":false},"excerpt":{"rendered":"<p>Os acad\u00eamicos da Universidade da Maturidade (UMA) \u2013 Programa de Extens\u00e3o da Universidade Federal do Tocantins (UFT) \u2013 participaram na \u00faltima sexta-feira, 17, do Dia de Campo em Meliponicultura na unidade II do Centro Universit\u00e1rio Cat\u00f3lica do Tocantins (UniCat\u00f3lica). A Meliponicultura \u00e9 a atividade de manejo de abelhas sem ferr\u00e3o, seja como complemento de renda [&hellip;]<\/p>\n","protected":false},"author":2,"featured_media":753,"comment_status":"closed","ping_status":"closed","sticky":false,"template":"","format":"standard","meta":{"footnotes":""},"categories":[1],"tags":[],"_links":{"self":[{"href":"https:\/\/sites.uft.edu.br\/uma\/wp-json\/wp\/v2\/posts\/749"}],"collection":[{"href":"https:\/\/sites.uft.edu.br\/uma\/wp-json\/wp\/v2\/posts"}],"about":[{"href":"https:\/\/sites.uft.edu.br\/uma\/wp-json\/wp\/v2\/types\/post"}],"author":[{"embeddable":true,"href":"https:\/\/sites.uft.edu.br\/uma\/wp-json\/wp\/v2\/users\/2"}],"replies":[{"embeddable":true,"href":"https:\/\/sites.uft.edu.br\/uma\/wp-json\/wp\/v2\/comments?post=749"}],"version-history":[{"count":3,"href":"https:\/\/sites.uft.edu.br\/uma\/wp-json\/wp\/v2\/posts\/749\/revisions"}],"predecessor-version":[{"id":755,"href":"https:\/\/sites.uft.edu.br\/uma\/wp-json\/wp\/v2\/posts\/749\/revisions\/755"}],"wp:featuredmedia":[{"embeddable":true,"href":"https:\/\/sites.uft.edu.br\/uma\/wp-json\/wp\/v2\/media\/753"}],"wp:attachment":[{"href":"https:\/\/sites.uft.edu.br\/uma\/wp-json\/wp\/v2\/media?parent=749"}],"wp:term":[{"taxonomy":"category","embeddable":true,"href":"https:\/\/sites.uft.edu.br\/uma\/wp-json\/wp\/v2\/categories?post=749"},{"taxonomy":"post_tag","embeddable":true,"href":"https:\/\/sites.uft.edu.br\/uma\/wp-json\/wp\/v2\/tags?post=749"}],"curies":[{"name":"wp","href":"https:\/\/api.w.org\/{rel}","templated":true}]}}