{"id":738,"date":"2021-08-31T21:25:53","date_gmt":"2021-09-01T00:25:53","guid":{"rendered":"http:\/\/sites.uft.edu.br\/uma\/?p=738"},"modified":"2021-08-31T21:25:53","modified_gmt":"2021-09-01T00:25:53","slug":"universidade-da-maturidade-realiza-formacao-pedagogica-no-polo-de-tocantinia","status":"publish","type":"post","link":"https:\/\/sites.uft.edu.br\/uma\/universidade-da-maturidade-realiza-formacao-pedagogica-no-polo-de-tocantinia\/","title":{"rendered":"Universidade da Maturidade realiza forma\u00e7\u00e3o pedag\u00f3gica no polo de Tocant\u00ednia"},"content":{"rendered":"<p>A coordenadora da Universidade da Maturidade (UMA) \u2013 programa de extens\u00e3o da Universidade Federal do Tocantins (UFT), professora doutora Neila Os\u00f3rio, ministrou nesta ter\u00e7a-feira, 31, no Col\u00e9gio Municipal de Tempo Integral Ant\u00f4nio Benvindo da Luz, em Tocant\u00ednia, forma\u00e7\u00e3o pedag\u00f3gica para os profissionais que ir\u00e3o atuar no polo da UMA no munic\u00edpio.<\/p>\n<figure id=\"attachment_742\" aria-describedby=\"caption-attachment-742\" style=\"width: 525px\" class=\"wp-caption aligncenter\"><img loading=\"lazy\" decoding=\"async\" class=\"wp-image-742 size-large\" src=\"http:\/\/sites.uft.edu.br\/uma\/wp-content\/uploads\/2021\/08\/WhatsApp-Image-2021-08-31-at-17.54.22-1024x768.jpeg\" alt=\"\" width=\"525\" height=\"394\" srcset=\"https:\/\/sites.uft.edu.br\/uma\/wp-content\/uploads\/2021\/08\/WhatsApp-Image-2021-08-31-at-17.54.22-1024x768.jpeg 1024w, https:\/\/sites.uft.edu.br\/uma\/wp-content\/uploads\/2021\/08\/WhatsApp-Image-2021-08-31-at-17.54.22-300x225.jpeg 300w, https:\/\/sites.uft.edu.br\/uma\/wp-content\/uploads\/2021\/08\/WhatsApp-Image-2021-08-31-at-17.54.22-768x576.jpeg 768w, https:\/\/sites.uft.edu.br\/uma\/wp-content\/uploads\/2021\/08\/WhatsApp-Image-2021-08-31-at-17.54.22-1536x1152.jpeg 1536w, https:\/\/sites.uft.edu.br\/uma\/wp-content\/uploads\/2021\/08\/WhatsApp-Image-2021-08-31-at-17.54.22.jpeg 1600w\" sizes=\"(max-width: 525px) 100vw, 525px\" \/><figcaption id=\"caption-attachment-742\" class=\"wp-caption-text\">Forma\u00e7\u00e3o Pedag\u00f3gica &#8211; Polo da UMA de Tocant\u00ednia<\/figcaption><\/figure>\n<p>&nbsp;<\/p>\n<p>De acordo com Neila, a forma\u00e7\u00e3o teve o objetivo de orientar os futuros colaboradores sobre a pol\u00edtica pedag\u00f3gica e as diretrizes da UMA; como deve ser feito o planejamento das aulas, al\u00e9m de orient\u00e1-los sobre o trabalho com o p\u00fablico idoso e neste polo em especial os idosos ind\u00edgenas.<\/p>\n<p>A servidora da Secretaria Municipal de Educa\u00e7\u00e3o de Tocant\u00ednia (Semed), Wilma Gomes, foi umas das profissionais que participou da forma\u00e7\u00e3o e ressaltou que foi de suma import\u00e2ncia, pois fez com que ela percebesse os idosos de outra maneira, sem os estere\u00f3tipos que s\u00e3o impostos pela sociedade. \u201cTenho certeza que, al\u00e9m de ensinar, irei aprender muito com esse p\u00fablico, pois eles possuem conhecimentos que n\u00e3o est\u00e3o nos livros, mas sim em suas viv\u00eancias\u201d, disse.<\/p>\n<figure id=\"attachment_739\" aria-describedby=\"caption-attachment-739\" style=\"width: 525px\" class=\"wp-caption aligncenter\"><img loading=\"lazy\" decoding=\"async\" class=\"wp-image-739 size-large\" src=\"http:\/\/sites.uft.edu.br\/uma\/wp-content\/uploads\/2021\/08\/WhatsApp-Image-2021-08-31-at-17.54.37-1024x768.jpeg\" alt=\"Wilma Gomes - T\u00e9cnica de Semed Tocant\u00ednia \" width=\"525\" height=\"394\" srcset=\"https:\/\/sites.uft.edu.br\/uma\/wp-content\/uploads\/2021\/08\/WhatsApp-Image-2021-08-31-at-17.54.37-1024x768.jpeg 1024w, https:\/\/sites.uft.edu.br\/uma\/wp-content\/uploads\/2021\/08\/WhatsApp-Image-2021-08-31-at-17.54.37-300x225.jpeg 300w, https:\/\/sites.uft.edu.br\/uma\/wp-content\/uploads\/2021\/08\/WhatsApp-Image-2021-08-31-at-17.54.37-768x576.jpeg 768w, https:\/\/sites.uft.edu.br\/uma\/wp-content\/uploads\/2021\/08\/WhatsApp-Image-2021-08-31-at-17.54.37-1536x1152.jpeg 1536w, https:\/\/sites.uft.edu.br\/uma\/wp-content\/uploads\/2021\/08\/WhatsApp-Image-2021-08-31-at-17.54.37.jpeg 1600w\" sizes=\"(max-width: 525px) 100vw, 525px\" \/><figcaption id=\"caption-attachment-739\" class=\"wp-caption-text\">Wilma Gomes &#8211; T\u00e9cnica de Semed Tocant\u00ednia. Participante da Forma\u00e7\u00e3o Pedag\u00f3gica<\/figcaption><\/figure>\n<p>&nbsp;<\/p>\n<p>Al\u00e9m dos docentes, participaram da forma\u00e7\u00e3o, ind\u00edgenas e n\u00e3o ind\u00edgenas que ser\u00e3o acad\u00eamicos do polo de Tocant\u00ednia e representantes da Semed. A UMA no munic\u00edpio \u00e9 fruto de parceria com a gest\u00e3o municipal e tem como diferencial a valoriza\u00e7\u00e3o dos costumes e cultura do povo Xerente.<\/p>\n<figure id=\"attachment_740\" aria-describedby=\"caption-attachment-740\" style=\"width: 525px\" class=\"wp-caption aligncenter\"><img loading=\"lazy\" decoding=\"async\" class=\"wp-image-740 size-large\" src=\"http:\/\/sites.uft.edu.br\/uma\/wp-content\/uploads\/2021\/08\/WhatsApp-Image-2021-08-31-at-17.53.32-1-1024x766.jpeg\" alt=\"\" width=\"525\" height=\"393\" srcset=\"https:\/\/sites.uft.edu.br\/uma\/wp-content\/uploads\/2021\/08\/WhatsApp-Image-2021-08-31-at-17.53.32-1-1024x766.jpeg 1024w, https:\/\/sites.uft.edu.br\/uma\/wp-content\/uploads\/2021\/08\/WhatsApp-Image-2021-08-31-at-17.53.32-1-300x225.jpeg 300w, https:\/\/sites.uft.edu.br\/uma\/wp-content\/uploads\/2021\/08\/WhatsApp-Image-2021-08-31-at-17.53.32-1-768x575.jpeg 768w, https:\/\/sites.uft.edu.br\/uma\/wp-content\/uploads\/2021\/08\/WhatsApp-Image-2021-08-31-at-17.53.32-1.jpeg 1280w\" sizes=\"(max-width: 525px) 100vw, 525px\" \/><figcaption id=\"caption-attachment-740\" class=\"wp-caption-text\">Forma\u00e7\u00e3o Pedag\u00f3gica &#8211; Polo da UMA de Tocant\u00ednia<\/figcaption><\/figure>\n","protected":false},"excerpt":{"rendered":"<p>A coordenadora da Universidade da Maturidade (UMA) \u2013 programa de extens\u00e3o da Universidade Federal do Tocantins (UFT), professora doutora Neila Os\u00f3rio, ministrou nesta ter\u00e7a-feira, 31, no Col\u00e9gio Municipal de Tempo Integral Ant\u00f4nio Benvindo da Luz, em Tocant\u00ednia, forma\u00e7\u00e3o pedag\u00f3gica para os profissionais que ir\u00e3o atuar no polo da UMA no munic\u00edpio. &nbsp; De acordo com [&hellip;]<\/p>\n","protected":false},"author":2,"featured_media":740,"comment_status":"closed","ping_status":"closed","sticky":false,"template":"","format":"standard","meta":{"footnotes":""},"categories":[1],"tags":[],"_links":{"self":[{"href":"https:\/\/sites.uft.edu.br\/uma\/wp-json\/wp\/v2\/posts\/738"}],"collection":[{"href":"https:\/\/sites.uft.edu.br\/uma\/wp-json\/wp\/v2\/posts"}],"about":[{"href":"https:\/\/sites.uft.edu.br\/uma\/wp-json\/wp\/v2\/types\/post"}],"author":[{"embeddable":true,"href":"https:\/\/sites.uft.edu.br\/uma\/wp-json\/wp\/v2\/users\/2"}],"replies":[{"embeddable":true,"href":"https:\/\/sites.uft.edu.br\/uma\/wp-json\/wp\/v2\/comments?post=738"}],"version-history":[{"count":3,"href":"https:\/\/sites.uft.edu.br\/uma\/wp-json\/wp\/v2\/posts\/738\/revisions"}],"predecessor-version":[{"id":744,"href":"https:\/\/sites.uft.edu.br\/uma\/wp-json\/wp\/v2\/posts\/738\/revisions\/744"}],"wp:featuredmedia":[{"embeddable":true,"href":"https:\/\/sites.uft.edu.br\/uma\/wp-json\/wp\/v2\/media\/740"}],"wp:attachment":[{"href":"https:\/\/sites.uft.edu.br\/uma\/wp-json\/wp\/v2\/media?parent=738"}],"wp:term":[{"taxonomy":"category","embeddable":true,"href":"https:\/\/sites.uft.edu.br\/uma\/wp-json\/wp\/v2\/categories?post=738"},{"taxonomy":"post_tag","embeddable":true,"href":"https:\/\/sites.uft.edu.br\/uma\/wp-json\/wp\/v2\/tags?post=738"}],"curies":[{"name":"wp","href":"https:\/\/api.w.org\/{rel}","templated":true}]}}