{"id":734,"date":"2021-08-16T07:47:07","date_gmt":"2021-08-16T10:47:07","guid":{"rendered":"http:\/\/sites.uft.edu.br\/uma\/?p=734"},"modified":"2021-08-16T07:47:07","modified_gmt":"2021-08-16T10:47:07","slug":"universidade-da-maturidade-de-araguaina-esta-com-matriculas-abertas","status":"publish","type":"post","link":"https:\/\/sites.uft.edu.br\/uma\/universidade-da-maturidade-de-araguaina-esta-com-matriculas-abertas\/","title":{"rendered":"Universidade da Maturidade de Aragua\u00edna est\u00e1 com matr\u00edculas abertas"},"content":{"rendered":"<p>Inicia nesta segunda-feira (16), as inscri\u00e7\u00f5es para ingresso na Universidade da Maturidade (UMA) \u2013 Programa de Extens\u00e3o da Universidade Federal do Tocantins (UFT) \u2013 para o C\u00e2mpus de Aragua\u00edna. S\u00e3o 40 vagas para o curso de Educador Pol\u00edtico Social do Envelhecimento Humano. O curso \u00e9 direcionado a pessoas com idade igual ou superior a 45 anos.<\/p>\n<p>As inscri\u00e7\u00f5es s\u00e3o gratuitas e devem ser feitas no Centro de Arte e Esporte Unificado de Aragua\u00edna (CEU), no setor Aragua\u00edna Sul, das 8h \u00e0s 12h e das 14h \u00e0s 18h. S\u00e3o necess\u00e1rios os seguintes documentos: c\u00e9dula de identidade, CPF, t\u00edtulo de eleitor, 2 (duas) fotos 3 x 4 e comprovante de endere\u00e7o.<\/p>\n<p>A UMA em Aragua\u00edna \u00e9 fruto da parceria com a gest\u00e3o municipal por meio da Secretaria de Educa\u00e7\u00e3o do munic\u00edpio. Devido \u00e0 Covid-19 nesse primeiro momento as aulas ser\u00e3o realizadas de forma remota. Mais informa\u00e7\u00f5es pelos telefones (WathsApp) (63) 99255-0398 ou (63) 99291-7736.<\/p>\n<p><strong>UMA<\/strong><\/p>\n<p>A Universidade da Maturidade (UMA) &#8211; programa de extens\u00e3o da Universidade Federal do Tocantins (UFT) existe desde 2006 e \u00e9 uma proposta pedag\u00f3gica, voltada \u00e0 melhoria da qualidade de vida da pessoa adulta e dos idosos, e visa \u00e0 integra\u00e7\u00e3o dos mesmos com os alunos de gradua\u00e7\u00e3o, identificando o papel e a responsabilidade da Universidade em rela\u00e7\u00e3o \u00e0s pessoas da terceira idade. Atualmente est\u00e1 presente nas cidades de Aragua\u00edna, Dian\u00f3polis, Palmas e Porto Nacional e est\u00e1 sendo expandida para Para\u00edso do Tocantins e Tocant\u00ednea.<\/p>\n","protected":false},"excerpt":{"rendered":"<p>Inicia nesta segunda-feira (16), as inscri\u00e7\u00f5es para ingresso na Universidade da Maturidade (UMA) \u2013 Programa de Extens\u00e3o da Universidade Federal do Tocantins (UFT) \u2013 para o C\u00e2mpus de Aragua\u00edna. S\u00e3o 40 vagas para o curso de Educador Pol\u00edtico Social do Envelhecimento Humano. O curso \u00e9 direcionado a pessoas com idade igual ou superior a 45 [&hellip;]<\/p>\n","protected":false},"author":2,"featured_media":735,"comment_status":"closed","ping_status":"closed","sticky":false,"template":"","format":"standard","meta":{"footnotes":""},"categories":[1],"tags":[],"_links":{"self":[{"href":"https:\/\/sites.uft.edu.br\/uma\/wp-json\/wp\/v2\/posts\/734"}],"collection":[{"href":"https:\/\/sites.uft.edu.br\/uma\/wp-json\/wp\/v2\/posts"}],"about":[{"href":"https:\/\/sites.uft.edu.br\/uma\/wp-json\/wp\/v2\/types\/post"}],"author":[{"embeddable":true,"href":"https:\/\/sites.uft.edu.br\/uma\/wp-json\/wp\/v2\/users\/2"}],"replies":[{"embeddable":true,"href":"https:\/\/sites.uft.edu.br\/uma\/wp-json\/wp\/v2\/comments?post=734"}],"version-history":[{"count":1,"href":"https:\/\/sites.uft.edu.br\/uma\/wp-json\/wp\/v2\/posts\/734\/revisions"}],"predecessor-version":[{"id":736,"href":"https:\/\/sites.uft.edu.br\/uma\/wp-json\/wp\/v2\/posts\/734\/revisions\/736"}],"wp:featuredmedia":[{"embeddable":true,"href":"https:\/\/sites.uft.edu.br\/uma\/wp-json\/wp\/v2\/media\/735"}],"wp:attachment":[{"href":"https:\/\/sites.uft.edu.br\/uma\/wp-json\/wp\/v2\/media?parent=734"}],"wp:term":[{"taxonomy":"category","embeddable":true,"href":"https:\/\/sites.uft.edu.br\/uma\/wp-json\/wp\/v2\/categories?post=734"},{"taxonomy":"post_tag","embeddable":true,"href":"https:\/\/sites.uft.edu.br\/uma\/wp-json\/wp\/v2\/tags?post=734"}],"curies":[{"name":"wp","href":"https:\/\/api.w.org\/{rel}","templated":true}]}}