{"id":730,"date":"2021-08-10T19:30:29","date_gmt":"2021-08-10T22:30:29","guid":{"rendered":"http:\/\/sites.uft.edu.br\/uma\/?p=730"},"modified":"2021-08-10T19:30:29","modified_gmt":"2021-08-10T22:30:29","slug":"uma-uft-realizara-programacao-diversificada-em-homenagem-aos-avos","status":"publish","type":"post","link":"https:\/\/sites.uft.edu.br\/uma\/uma-uft-realizara-programacao-diversificada-em-homenagem-aos-avos\/","title":{"rendered":"UMA\/UFT realizar\u00e1 programa\u00e7\u00e3o diversificada em homenagem aos Av\u00f3s"},"content":{"rendered":"<p>A Universidade da Maturidade (UMA) \u2013 Programa de Extens\u00e3o da Universidade Federal do Tocantins (UFT) \u2013 realizar\u00e1, a partir desta quinta-feira (15), uma programa\u00e7\u00e3o diversificada em alus\u00e3o ao Dia dos Av\u00f3s, comemorado anualmente em 26 de julho. Os eventos acontecer\u00e3o nos quatro polos da UMA nas cidades de Aragua\u00edna, Dian\u00f3polis, Palmas e Porto Nacional com a\u00e7\u00f5es que ser\u00e3o realizados de forma presencial, seguindo os protocolos de seguran\u00e7a contra a Covid-19, e on-line com transmiss\u00e3o pelo YouTube (Umauft).<\/p>\n<p>A programa\u00e7\u00e3o ir\u00e1 iniciar nesta quinta-feira, com a aplica\u00e7\u00e3o da vacina pneumo 13 nos idosos da UMA C\u00e2mpus de Palmas. A imuniza\u00e7\u00e3o \u00e9 indicada para preven\u00e7\u00e3o de cerca de 90% das doen\u00e7as graves causadas por 13 sorotipos de pneumococos, tais como pneumonia, otite e meningite e foi disponibilizada pela Secretaria Municipal de Sa\u00fade de Palmas (Semus).<\/p>\n<p>J\u00e1 na pr\u00f3xima segunda-feira (19), ser\u00e1 realizada a cerim\u00f4nia de assinatura de termo de coopera\u00e7\u00e3o t\u00e9cnica que fomentar\u00e1 parceria entre a prefeitura de Porto Nacional e a UMA\/UFT. O evento ser\u00e1 transmitido pelo canal oficial da Universidade da Maturidade no YouTube.<\/p>\n<p>No dia 22 de julho, \u00e0s 14 horas, as professoras Deuzivania Carlos e Fernanda de Jesus, do polo de Aragua\u00edna, realizar\u00e3o palestra, pelo Google Meet, que tem como tema \u201cAv\u00f3s e sociedade em Aragua\u00edna\u201d. E no dia 23 de julho, \u00e0s 9 horas, o polo da UMA de Dian\u00f3polis vai realizar, em sua sede, o evento \u201cUMA Dian\u00f3polis e Comunidade\u201d.<\/p>\n<p>No data em que se comemora o Dia dos Av\u00f3s, 26 de julho, o canal da UMA no Youtube vai transmitir, a partir das 8 horas, a celebra\u00e7\u00e3o de uma missa em homenagem aos av\u00f3s, e a cerim\u00f4nia de ado\u00e7\u00e3o afetiva do acad\u00eamico Manoel Nascimento pelos coordenadores da UMA, professora Neila Os\u00f3rio e professor Luiz Sin\u00e9sio Neto. A ado\u00e7\u00e3o seguir\u00e1 todos os tramites jur\u00eddico e faz parte do projeto de P\u00f3s-Doutorado da Dra. Alana Carlech Correia, orientanda da Dra. Neila Osorio.<\/p>\n<p>Em seguida, a partir das 9h30, ser\u00e1 transmitido o semin\u00e1rio \u201cExtens\u00e3o Tecnol\u00f3gica e Envelhecimento\u201d, que tem por objetivo ampliar o estudo, a pesquisa e o debate acerca a tem\u00e1tica da Extens\u00e3o Tecnol\u00f3gica aliada \u00e0 educa\u00e7\u00e3o de adultos e velhos, considerando a perspectiva da aprendizagem ao longo da vida, desenvolvendo mecanismos de divulga\u00e7\u00e3o e difus\u00e3o da produ\u00e7\u00e3o e experi\u00eancia dos resultados obtidos.<\/p>\n<p><strong>Programa\u00e7\u00e3o M\u00eas dos Av\u00f3s UMA<\/strong><\/p>\n<p>Dia 15 e 16 de julho \u2013 Das 9h \u00e0s 12h \u2013 Vacina\u00e7\u00e3o Pneumo 13 \u2013 UMA C\u00e2mpus de Palmas<\/p>\n<p>Dia 19 de julho \u2013 \u00e0s 9h \u2013 Assinatura de termo de coopera\u00e7\u00e3o UMA e Prefeitura de Porto Nacional \u2013 Canal no YouTube Umauft<\/p>\n<p>Dia 22 de julho \u2013 \u00e0s 14h \u2013 Av\u00f3s e sociedade em Aragua\u00edna \u2013 Google Meet<\/p>\n<p>Dia 23 de julho \u2013 \u00e0s 9h \u2013 UMA Dian\u00f3polis e Comunidade \u2013 Pr\u00e9dio da UMA em Dian\u00f3polis<\/p>\n<p>Dia 26 de julho \u2013 \u00e0s 8h \u2013 Ben\u00e7\u00e3o dos Av\u00f3s e cerim\u00f4nia de ado\u00e7\u00e3o afetiva<\/p>\n<p>9h30 \u2013 Semin\u00e1rio de Extens\u00e3o Tecnol\u00f3gica e Envelhecimento \u2013 Canal no YouTube Umauft<\/p>\n","protected":false},"excerpt":{"rendered":"<p>A Universidade da Maturidade (UMA) \u2013 Programa de Extens\u00e3o da Universidade Federal do Tocantins (UFT) \u2013 realizar\u00e1, a partir desta quinta-feira (15), uma programa\u00e7\u00e3o diversificada em alus\u00e3o ao Dia dos Av\u00f3s, comemorado anualmente em 26 de julho. Os eventos acontecer\u00e3o nos quatro polos da UMA nas cidades de Aragua\u00edna, Dian\u00f3polis, Palmas e Porto Nacional com [&hellip;]<\/p>\n","protected":false},"author":2,"featured_media":731,"comment_status":"closed","ping_status":"closed","sticky":false,"template":"","format":"standard","meta":{"footnotes":""},"categories":[1],"tags":[],"_links":{"self":[{"href":"https:\/\/sites.uft.edu.br\/uma\/wp-json\/wp\/v2\/posts\/730"}],"collection":[{"href":"https:\/\/sites.uft.edu.br\/uma\/wp-json\/wp\/v2\/posts"}],"about":[{"href":"https:\/\/sites.uft.edu.br\/uma\/wp-json\/wp\/v2\/types\/post"}],"author":[{"embeddable":true,"href":"https:\/\/sites.uft.edu.br\/uma\/wp-json\/wp\/v2\/users\/2"}],"replies":[{"embeddable":true,"href":"https:\/\/sites.uft.edu.br\/uma\/wp-json\/wp\/v2\/comments?post=730"}],"version-history":[{"count":1,"href":"https:\/\/sites.uft.edu.br\/uma\/wp-json\/wp\/v2\/posts\/730\/revisions"}],"predecessor-version":[{"id":732,"href":"https:\/\/sites.uft.edu.br\/uma\/wp-json\/wp\/v2\/posts\/730\/revisions\/732"}],"wp:featuredmedia":[{"embeddable":true,"href":"https:\/\/sites.uft.edu.br\/uma\/wp-json\/wp\/v2\/media\/731"}],"wp:attachment":[{"href":"https:\/\/sites.uft.edu.br\/uma\/wp-json\/wp\/v2\/media?parent=730"}],"wp:term":[{"taxonomy":"category","embeddable":true,"href":"https:\/\/sites.uft.edu.br\/uma\/wp-json\/wp\/v2\/categories?post=730"},{"taxonomy":"post_tag","embeddable":true,"href":"https:\/\/sites.uft.edu.br\/uma\/wp-json\/wp\/v2\/tags?post=730"}],"curies":[{"name":"wp","href":"https:\/\/api.w.org\/{rel}","templated":true}]}}