{"id":727,"date":"2021-08-10T19:26:04","date_gmt":"2021-08-10T22:26:04","guid":{"rendered":"http:\/\/sites.uft.edu.br\/uma\/?p=727"},"modified":"2021-08-10T19:26:04","modified_gmt":"2021-08-10T22:26:04","slug":"uma-uft-e-prefeitura-de-araguaina-realizam-evento-para-assinatura-de-termo-de-cooperacao-tecnica-nesta-quarta-feira","status":"publish","type":"post","link":"https:\/\/sites.uft.edu.br\/uma\/uma-uft-e-prefeitura-de-araguaina-realizam-evento-para-assinatura-de-termo-de-cooperacao-tecnica-nesta-quarta-feira\/","title":{"rendered":"UMA\/UFT e Prefeitura de Aragua\u00edna realizam evento para assinatura de termo de coopera\u00e7\u00e3o t\u00e9cnica nesta quarta-feira"},"content":{"rendered":"<p>A Universidade da Maturidade (UMA) \u2013 Programa de Extens\u00e3o da Universidade Federal do Tocantins (UFT) \u2013 realizar\u00e1 nesta quarta-feira (30), \u00e0s 9 horas, no pr\u00e9dio da UMA em Palmas, cerim\u00f4nia de assinatura de termo de coopera\u00e7\u00e3o t\u00e9cnica com a Prefeitura de Aragua\u00edna. Devido \u00e0 pandemia da Covid-19, o evento ser\u00e1 transmitido pelo canal no YouTube Umauft.<\/p>\n<p>Para o coordenador da UMA, professor Luiz Sin\u00e9sio Neto, esse evento \u00e9 a continua\u00e7\u00e3o de uma agenda ativa em comemora\u00e7\u00e3o aos 15 anos da UMA. \u201cRefor\u00e7a o modelo inovador da UMA em fazer a integra\u00e7\u00e3o, a colabora\u00e7\u00e3o com as prefeituras, para a promo\u00e7\u00e3o de um envelhecimento com dignidade e qualidade de vida\u201d.<\/p>\n<p>Tamb\u00e9m durante o evento ser\u00e1 realizada o lan\u00e7amento do novo site da UMA e o recebimento de uma van, que foi adquirida por meio de emenda parlamentar destinada pelo deputado federal Carlos Gaguim e o senador Eduardo Gomes. O ve\u00edculo conta com 20 lugares e dar\u00e1 apoio log\u00edstico aos projetos \u201cEduca\u00e7\u00e3o e Sa\u00fade\u201d e \u201cEduca\u00e7\u00e3o ao longo da vida\u201d, e para a\u00e7\u00f5es de ensino e pesquisa para os cursos de Pedagogia e Medicina da UFT C\u00e2mpus Palmas.<\/p>\n<p>A cerim\u00f4nia contar\u00e1 com a presen\u00e7a do prefeito de Aragua\u00edna, Wagner Rodrigues, e com a secret\u00e1ria municipal de Educa\u00e7\u00e3o de Aragua\u00edna, Eliz\u00e2ngela Moura, al\u00e9m de autoridades acad\u00eamicas e vereadores do munic\u00edpio.<\/p>\n","protected":false},"excerpt":{"rendered":"<p>A Universidade da Maturidade (UMA) \u2013 Programa de Extens\u00e3o da Universidade Federal do Tocantins (UFT) \u2013 realizar\u00e1 nesta quarta-feira (30), \u00e0s 9 horas, no pr\u00e9dio da UMA em Palmas, cerim\u00f4nia de assinatura de termo de coopera\u00e7\u00e3o t\u00e9cnica com a Prefeitura de Aragua\u00edna. Devido \u00e0 pandemia da Covid-19, o evento ser\u00e1 transmitido pelo canal no YouTube [&hellip;]<\/p>\n","protected":false},"author":2,"featured_media":728,"comment_status":"closed","ping_status":"closed","sticky":false,"template":"","format":"standard","meta":{"footnotes":""},"categories":[1],"tags":[],"_links":{"self":[{"href":"https:\/\/sites.uft.edu.br\/uma\/wp-json\/wp\/v2\/posts\/727"}],"collection":[{"href":"https:\/\/sites.uft.edu.br\/uma\/wp-json\/wp\/v2\/posts"}],"about":[{"href":"https:\/\/sites.uft.edu.br\/uma\/wp-json\/wp\/v2\/types\/post"}],"author":[{"embeddable":true,"href":"https:\/\/sites.uft.edu.br\/uma\/wp-json\/wp\/v2\/users\/2"}],"replies":[{"embeddable":true,"href":"https:\/\/sites.uft.edu.br\/uma\/wp-json\/wp\/v2\/comments?post=727"}],"version-history":[{"count":1,"href":"https:\/\/sites.uft.edu.br\/uma\/wp-json\/wp\/v2\/posts\/727\/revisions"}],"predecessor-version":[{"id":729,"href":"https:\/\/sites.uft.edu.br\/uma\/wp-json\/wp\/v2\/posts\/727\/revisions\/729"}],"wp:featuredmedia":[{"embeddable":true,"href":"https:\/\/sites.uft.edu.br\/uma\/wp-json\/wp\/v2\/media\/728"}],"wp:attachment":[{"href":"https:\/\/sites.uft.edu.br\/uma\/wp-json\/wp\/v2\/media?parent=727"}],"wp:term":[{"taxonomy":"category","embeddable":true,"href":"https:\/\/sites.uft.edu.br\/uma\/wp-json\/wp\/v2\/categories?post=727"},{"taxonomy":"post_tag","embeddable":true,"href":"https:\/\/sites.uft.edu.br\/uma\/wp-json\/wp\/v2\/tags?post=727"}],"curies":[{"name":"wp","href":"https:\/\/api.w.org\/{rel}","templated":true}]}}