{"id":475,"date":"2021-02-15T09:21:31","date_gmt":"2021-02-15T12:21:31","guid":{"rendered":"http:\/\/uma.vitorzortea.com.br\/?p=475"},"modified":"2021-02-15T09:21:31","modified_gmt":"2021-02-15T12:21:31","slug":"universidade-da-maturidade-implantara-polo-em-tocantinia","status":"publish","type":"post","link":"https:\/\/sites.uft.edu.br\/uma\/universidade-da-maturidade-implantara-polo-em-tocantinia\/","title":{"rendered":"Universidade da Maturidade implantar\u00e1 p\u00f3lo em Tocant\u00ednia"},"content":{"rendered":"<p>A coordenadora da Universidade da Maturidade (UMA) &#8211; Programa de Extens\u00e3o da Universidade Federal do Tocantins (UFT) &#8211; professora Neila Os\u00f3rio, participou nesta quinta-feira, 11, de uma reuni\u00e3o com o prefeito de Tocant\u00ednia, Manoel Silvino.<\/p>\n<p>A reuni\u00e3o teve o objetivo de realizar parceria entre a UMA\/UFT e a prefeitura de Tocant\u00ednia, para implanta\u00e7\u00e3o de um p\u00f3lo do programa no munic\u00edpio.<\/p>\n<p>De acordo com Neila, o diferencial \u00e9 que ser\u00e1 um polo ind\u00edgena e, desta forma, ser\u00e3o valorizados os costumes e a cultura do povo Xerente.<\/p>\n<p>Tamb\u00e9m participaram da reuni\u00e3o o vice-prefeito, Jo\u00e3o Alberto, o secret\u00e1rio municipal de Educa\u00e7\u00e3o, Andr\u00e9 Goveia; e os professores Aliny de Sousa e Marcos Xerente.<\/p>\n","protected":false},"excerpt":{"rendered":"<p>A coordenadora da Universidade da Maturidade (UMA) &#8211; Programa de Extens\u00e3o da Universidade Federal do Tocantins (UFT) &#8211; professora Neila Os\u00f3rio, participou nesta quinta-feira, 11, de uma reuni\u00e3o com o prefeito de Tocant\u00ednia, Manoel Silvino. A reuni\u00e3o teve o objetivo de realizar parceria entre a UMA\/UFT e a prefeitura de Tocant\u00ednia, para implanta\u00e7\u00e3o de um [&hellip;]<\/p>\n","protected":false},"author":2,"featured_media":476,"comment_status":"closed","ping_status":"closed","sticky":false,"template":"","format":"image","meta":{"footnotes":""},"categories":[1],"tags":[],"_links":{"self":[{"href":"https:\/\/sites.uft.edu.br\/uma\/wp-json\/wp\/v2\/posts\/475"}],"collection":[{"href":"https:\/\/sites.uft.edu.br\/uma\/wp-json\/wp\/v2\/posts"}],"about":[{"href":"https:\/\/sites.uft.edu.br\/uma\/wp-json\/wp\/v2\/types\/post"}],"author":[{"embeddable":true,"href":"https:\/\/sites.uft.edu.br\/uma\/wp-json\/wp\/v2\/users\/2"}],"replies":[{"embeddable":true,"href":"https:\/\/sites.uft.edu.br\/uma\/wp-json\/wp\/v2\/comments?post=475"}],"version-history":[{"count":2,"href":"https:\/\/sites.uft.edu.br\/uma\/wp-json\/wp\/v2\/posts\/475\/revisions"}],"predecessor-version":[{"id":478,"href":"https:\/\/sites.uft.edu.br\/uma\/wp-json\/wp\/v2\/posts\/475\/revisions\/478"}],"wp:featuredmedia":[{"embeddable":true,"href":"https:\/\/sites.uft.edu.br\/uma\/wp-json\/wp\/v2\/media\/476"}],"wp:attachment":[{"href":"https:\/\/sites.uft.edu.br\/uma\/wp-json\/wp\/v2\/media?parent=475"}],"wp:term":[{"taxonomy":"category","embeddable":true,"href":"https:\/\/sites.uft.edu.br\/uma\/wp-json\/wp\/v2\/categories?post=475"},{"taxonomy":"post_tag","embeddable":true,"href":"https:\/\/sites.uft.edu.br\/uma\/wp-json\/wp\/v2\/tags?post=475"}],"curies":[{"name":"wp","href":"https:\/\/api.w.org\/{rel}","templated":true}]}}