{"id":457,"date":"2020-11-19T20:12:59","date_gmt":"2020-11-19T23:12:59","guid":{"rendered":"http:\/\/uma.vitorzortea.com.br\/?p=457"},"modified":"2020-11-19T20:12:59","modified_gmt":"2020-11-19T23:12:59","slug":"uma-realiza-aula-inaugural-do-curso-de-formacao-de-educadores-para-o-centro-intergeracional-sarah-gomes","status":"publish","type":"post","link":"https:\/\/sites.uft.edu.br\/uma\/uma-realiza-aula-inaugural-do-curso-de-formacao-de-educadores-para-o-centro-intergeracional-sarah-gomes\/","title":{"rendered":"UMA realiza aula inaugural do curso de forma\u00e7\u00e3o de educadores para o Centro Intergeracional Sarah Gomes"},"content":{"rendered":"<p>Foi realizada nesta quarta-feira, 18, a aula inaugural do Curso de Forma\u00e7\u00e3o Piloto de Educadores para o Centro Intergeracional Sarah Gomes. A aula aconteceu de forma virtual e foi ministrada pela professora Neila Os\u00f3rio, coordenadora da UMA e Idealizadora do centro.<\/p>\n<p>O curso ter\u00e1 dura\u00e7\u00e3o de 60 horas e abordar\u00e1 conceitos de intergeracionalidade, educa\u00e7\u00e3o especial, arte, cultura e ci\u00eancias e \u00e9 a forma\u00e7\u00e3o inicial para os educadores que poder\u00e3o atuar no centro que come\u00e7ar\u00e1 a funcionar no pr\u00f3ximo ano.<\/p>\n<p>A aula inaugural contou com apresenta\u00e7\u00f5es culturais que retrataram a rela\u00e7\u00e3o de crian\u00e7as, jovens e velhos, e com uma fala de boas-vindas do coordenador da UMA, professor Luiz Sin\u00e9sio Neto.<\/p>\n<p><strong>Centro Intergeracional Sarah Gomes<\/strong><\/p>\n<p>O Centro Intergeracional Sarah Gomes teve sua pedra fundamental lan\u00e7ada no \u00faltimo dia 1\u00ba de outubro no C\u00e2mpus de Palmas da UFT e contar\u00e1 com uma estrutura de oito salas e uma equipe multiprofissional que oferecer\u00e3o aulas pr\u00e1ticas e t\u00e9cnicas no conceito de intergeracionalidade, educa\u00e7\u00e3o especial, arte, cultura e ci\u00eancia, tendo como p\u00fablico-alvo filhos de servidores e de alunos da UFT; acad\u00eamicos da UMA e crian\u00e7as de baixa renda que frequentam as redes p\u00fablicas de ensino, tanto municipal quanto estadual.<\/p>\n","protected":false},"excerpt":{"rendered":"<p>Foi realizada nesta quarta-feira, 18, a aula inaugural do Curso de Forma\u00e7\u00e3o Piloto de Educadores para o Centro Intergeracional Sarah Gomes. A aula aconteceu de forma virtual e foi ministrada pela professora Neila Os\u00f3rio, coordenadora da UMA e Idealizadora do centro. O curso ter\u00e1 dura\u00e7\u00e3o de 60 horas e abordar\u00e1 conceitos de intergeracionalidade, educa\u00e7\u00e3o especial, [&hellip;]<\/p>\n","protected":false},"author":2,"featured_media":458,"comment_status":"closed","ping_status":"closed","sticky":false,"template":"","format":"image","meta":{"footnotes":""},"categories":[1],"tags":[],"_links":{"self":[{"href":"https:\/\/sites.uft.edu.br\/uma\/wp-json\/wp\/v2\/posts\/457"}],"collection":[{"href":"https:\/\/sites.uft.edu.br\/uma\/wp-json\/wp\/v2\/posts"}],"about":[{"href":"https:\/\/sites.uft.edu.br\/uma\/wp-json\/wp\/v2\/types\/post"}],"author":[{"embeddable":true,"href":"https:\/\/sites.uft.edu.br\/uma\/wp-json\/wp\/v2\/users\/2"}],"replies":[{"embeddable":true,"href":"https:\/\/sites.uft.edu.br\/uma\/wp-json\/wp\/v2\/comments?post=457"}],"version-history":[{"count":2,"href":"https:\/\/sites.uft.edu.br\/uma\/wp-json\/wp\/v2\/posts\/457\/revisions"}],"predecessor-version":[{"id":460,"href":"https:\/\/sites.uft.edu.br\/uma\/wp-json\/wp\/v2\/posts\/457\/revisions\/460"}],"wp:featuredmedia":[{"embeddable":true,"href":"https:\/\/sites.uft.edu.br\/uma\/wp-json\/wp\/v2\/media\/458"}],"wp:attachment":[{"href":"https:\/\/sites.uft.edu.br\/uma\/wp-json\/wp\/v2\/media?parent=457"}],"wp:term":[{"taxonomy":"category","embeddable":true,"href":"https:\/\/sites.uft.edu.br\/uma\/wp-json\/wp\/v2\/categories?post=457"},{"taxonomy":"post_tag","embeddable":true,"href":"https:\/\/sites.uft.edu.br\/uma\/wp-json\/wp\/v2\/tags?post=457"}],"curies":[{"name":"wp","href":"https:\/\/api.w.org\/{rel}","templated":true}]}}