{"id":454,"date":"2020-11-19T20:08:23","date_gmt":"2020-11-19T23:08:23","guid":{"rendered":"http:\/\/uma.vitorzortea.com.br\/?p=454"},"modified":"2020-11-19T20:08:23","modified_gmt":"2020-11-19T23:08:23","slug":"uma-uft-oferta-curso-de-formacao-de-educadores-para-o-centro-intergeracional-sarah-gomes","status":"publish","type":"post","link":"https:\/\/sites.uft.edu.br\/uma\/uma-uft-oferta-curso-de-formacao-de-educadores-para-o-centro-intergeracional-sarah-gomes\/","title":{"rendered":"UMA\/UFT oferta curso de forma\u00e7\u00e3o de educadores para o Centro Intergeracional Sarah Gomes"},"content":{"rendered":"<p>A Universidade da Maturidade (UMA) \u2013 Programa de Extens\u00e3o da Universidade Federal do Tocantins (UFT) &#8211; abriu inscri\u00e7\u00f5es para o Curso de Forma\u00e7\u00e3o Piloto de Educadores para o Centro Intergeracional Sarah Gomes. As inscri\u00e7\u00f5es dever\u00e3o ser feitas at\u00e9 o dia 15 de novembro e as aulas ter\u00e3o in\u00edcio no dia 18 do mesmo m\u00eas. Devido \u00e0 pandemia da Covid-19, os encontros ser\u00e3o realizados de forma virtual, uma vez por semana, das 14 \u00e0s 16 horas.<\/p>\n<p>Para fazer a inscri\u00e7\u00e3o \u00e9 necess\u00e1rio a realiza\u00e7\u00e3o de um cadastro no Sistema de Informa\u00e7\u00e3o e Gest\u00e3o de Projetos (SigProj) por meio do link http:\/\/sigproj.ufrj.br\/ e informar o nome completo, n\u00famero do WathsApp e CPF para o e-mail uma@uft.edu.br.<\/p>\n<p>O curso \u00e9 aberto para toda a comunidade, sendo necess\u00e1rio apenas que o cursista tenha o ensino m\u00e9dio completo, ter\u00e1 dura\u00e7\u00e3o de 60 horas e ser\u00e1 ministrado pela professora Neila Osorio, coordenadora da UMA e idealizadora do Centro Intergeracional Sarah Gomes.<\/p>\n<p>De acordo com Neila, o curso ir\u00e1 abordar conceitos de intergeracionalidade, educa\u00e7\u00e3o especial, arte, cultura e ci\u00eancias e \u00e9 a forma\u00e7\u00e3o inicial para os educadores que poder\u00e3o atuar no centro que come\u00e7ar\u00e1 a funcionar no pr\u00f3ximo ano.<\/p>\n<p>Centro Intergeracional Sarah Gomes<\/p>\n<p>O Centro Intergeracional Sarah Gomes teve sua pedra fundamental lan\u00e7ada no \u00faltimo dia 1\u00ba de outubro no C\u00e2mpus de Palmas da UFT e contar\u00e1 com uma estrutura de oito salas e uma equipe multiprofissional que oferecer\u00e3o aulas pr\u00e1ticas e t\u00e9cnicas no conceito de intergeracionalidade, educa\u00e7\u00e3o especial, arte, cultura e ci\u00eancia, tendo como p\u00fablico-alvo filhos de servidores e de alunos da UFT; acad\u00eamicos da UMA e crian\u00e7as de baixa renda que frequentam as redes p\u00fablicas de ensino, tanto municipal quanto estadual.<\/p>\n","protected":false},"excerpt":{"rendered":"<p>A Universidade da Maturidade (UMA) \u2013 Programa de Extens\u00e3o da Universidade Federal do Tocantins (UFT) &#8211; abriu inscri\u00e7\u00f5es para o Curso de Forma\u00e7\u00e3o Piloto de Educadores para o Centro Intergeracional Sarah Gomes. As inscri\u00e7\u00f5es dever\u00e3o ser feitas at\u00e9 o dia 15 de novembro e as aulas ter\u00e3o in\u00edcio no dia 18 do mesmo m\u00eas. Devido [&hellip;]<\/p>\n","protected":false},"author":2,"featured_media":455,"comment_status":"closed","ping_status":"closed","sticky":false,"template":"","format":"image","meta":{"footnotes":""},"categories":[1],"tags":[],"_links":{"self":[{"href":"https:\/\/sites.uft.edu.br\/uma\/wp-json\/wp\/v2\/posts\/454"}],"collection":[{"href":"https:\/\/sites.uft.edu.br\/uma\/wp-json\/wp\/v2\/posts"}],"about":[{"href":"https:\/\/sites.uft.edu.br\/uma\/wp-json\/wp\/v2\/types\/post"}],"author":[{"embeddable":true,"href":"https:\/\/sites.uft.edu.br\/uma\/wp-json\/wp\/v2\/users\/2"}],"replies":[{"embeddable":true,"href":"https:\/\/sites.uft.edu.br\/uma\/wp-json\/wp\/v2\/comments?post=454"}],"version-history":[{"count":1,"href":"https:\/\/sites.uft.edu.br\/uma\/wp-json\/wp\/v2\/posts\/454\/revisions"}],"predecessor-version":[{"id":456,"href":"https:\/\/sites.uft.edu.br\/uma\/wp-json\/wp\/v2\/posts\/454\/revisions\/456"}],"wp:featuredmedia":[{"embeddable":true,"href":"https:\/\/sites.uft.edu.br\/uma\/wp-json\/wp\/v2\/media\/455"}],"wp:attachment":[{"href":"https:\/\/sites.uft.edu.br\/uma\/wp-json\/wp\/v2\/media?parent=454"}],"wp:term":[{"taxonomy":"category","embeddable":true,"href":"https:\/\/sites.uft.edu.br\/uma\/wp-json\/wp\/v2\/categories?post=454"},{"taxonomy":"post_tag","embeddable":true,"href":"https:\/\/sites.uft.edu.br\/uma\/wp-json\/wp\/v2\/tags?post=454"}],"curies":[{"name":"wp","href":"https:\/\/api.w.org\/{rel}","templated":true}]}}