{"id":1801,"date":"2026-03-18T08:58:34","date_gmt":"2026-03-18T11:58:34","guid":{"rendered":"https:\/\/sites.uft.edu.br\/uma\/?p=1801"},"modified":"2026-03-18T08:58:34","modified_gmt":"2026-03-18T11:58:34","slug":"universidade-da-maturidade-celebra-20-anos-com-evento-internacional-em-palmas","status":"publish","type":"post","link":"https:\/\/sites.uft.edu.br\/uma\/universidade-da-maturidade-celebra-20-anos-com-evento-internacional-em-palmas\/","title":{"rendered":"Universidade da Maturidade celebra 20 anos com evento internacional em Palmas"},"content":{"rendered":"<p><em><strong>A abertura oficial ser\u00e1 realizada nesta quinta-feira, 19, \u00e0s 8h, no CUICA UFT C\u00e2mpus Palmas<\/strong><\/em><\/p>\n<p>A Universidade da Maturidade (UMA), tecnologia social da Universidade Federal do Tocantins (UFT), realiza, entre os dias 19 e 21 de mar\u00e7o, em Palmas, a celebra\u00e7\u00e3o dos seus 20 anos de atua\u00e7\u00e3o. O evento acontece no audit\u00f3rio do Centro Universit\u00e1rio Integrado de Ci\u00eancia, Cultura e Arte (Cuica), na UFT, C\u00e2mpus Palmas, e integra tamb\u00e9m a programa\u00e7\u00e3o do anivers\u00e1rio de 50 anos da Associa\u00e7\u00e3o Internacional das Universidades da Terceira Idade (AIUTA).<\/p>\n<p>A abertura oficial ser\u00e1 realizada no dia 19 de mar\u00e7o, \u00e0s 8h, com a presen\u00e7a de autoridades acad\u00eamicas, gestores p\u00fablicos e representantes internacionais, entre eles a reitora da UFT, Maria Santana Milhomen; a coordenadora nacional da UMA, a professora doutora Neila Barbosa Os\u00f3rio; o presidente da AIUTA, professor Fran\u00e7ois Vellas; al\u00e9m de reitores e pesquisadores de universidades parceiras.<\/p>\n<p>Com car\u00e1ter nacional e internacional, a programa\u00e7\u00e3o re\u00fane autoridades, pesquisadores e representantes de institui\u00e7\u00f5es de diversos pa\u00edses, como Espanha, Fran\u00e7a, Eslov\u00e1quia, Chile e Cazaquist\u00e3o, fortalecendo o interc\u00e2mbio de experi\u00eancias e pr\u00e1ticas inovadoras voltadas \u00e0 educa\u00e7\u00e3o ao longo da vida.<\/p>\n<p>Durante os tr\u00eas dias, a programa\u00e7\u00e3o contempla apresenta\u00e7\u00f5es de experi\u00eancias de universidades da terceira idade, mesas-redondas sobre inova\u00e7\u00e3o social, atividades culturais com polos da UMA, jogos intergeracionais e uma imers\u00e3o ind\u00edgena no munic\u00edpio de Tocant\u00ednia, promovendo viv\u00eancias interculturais e valoriza\u00e7\u00e3o dos saberes tradicionais.<\/p>\n<p>Entre os destaques est\u00e3o as apresenta\u00e7\u00f5es internacionais de institui\u00e7\u00f5es como a Universidade de Economia e Neg\u00f3cios de Bratislava (Eslov\u00e1quia), a Universidad de M\u00e1laga (Espanha), a U3A Alto Palancia (Espanha) e a Universidade Ualikhanov (Cazaquist\u00e3o), al\u00e9m da participa\u00e7\u00e3o de pesquisadores e estudantes seniores.<\/p>\n<p>A coordenadora da Universidade da Maturidade, professora doutora Neila Barbosa Os\u00f3rio, destaca que UMA se consolidou, ao longo de duas d\u00e9cadas, como uma das principais iniciativas de educa\u00e7\u00e3o intergeracional voltadas \u00e0 pessoa idosa no Brasil, com polos em diversas regi\u00f5es do pa\u00eds. \u201cCelebrar esses 20 anos \u00e9 reafirmar o nosso compromisso com o envelhecimento ativo, com a inclus\u00e3o e com o protagonismo das pessoas idosas por meio da educa\u00e7\u00e3o. Este evento tamb\u00e9m demonstra a for\u00e7a da nossa rede, o reconhecimento internacional que a UMA vem conquistando e deve reunir mais de 500 participantes, entre pesquisadores, estudantes, gestores e representantes de institui\u00e7\u00f5es nacionais e internacionais\u201d, destaca.<\/p>\n<p><strong>Programa\u00e7\u00e3o <\/strong><\/p>\n<p><strong>19 de mar\u00e7o <\/strong><br \/>\nLocal: Audit\u00f3rio do CUICA \u2013 Universidade Federal do Tocantins, Palmas<\/p>\n<p>08h \u2013 09h: Credenciamento e acolhida cultural<br \/>\n09h \u2013 09h: Momento cultural<br \/>\n09h30 \u2013 12h: Cerim\u00f4nia oficial de abertura<br \/>\n12h \u2013 14h00: Intervalo para almo\u00e7o<br \/>\n14h \u2013 15h00: Apresenta\u00e7\u00e3o de programas de universidades da terceira idade<br \/>\n15h30 \u2013 18h: Apresenta\u00e7\u00f5es culturais dos polos da UMA<\/p>\n<p><strong>20 de mar\u00e7o<\/strong><\/p>\n<p>08h \u2013 12h: Jogos intergeracionais<br \/>\nLocal: Escola Estadual Professora Eliz\u00e2ngela Gl\u00f3ria Cardoso<\/p>\n<p>14h \u2013 15h30: Mesa-redonda \u2013 Experi\u00eancias das Universidades da Terceira Idade e inova\u00e7\u00e3o social nas cidades<br \/>\nLocal: Audit\u00f3rio do CUICA \u2013 UFT<\/p>\n<p>15h30 \u2013 17h30: Apresenta\u00e7\u00f5es culturais<br \/>\nLocal: Audit\u00f3rio do CUICA \u2013 UFT<\/p>\n<p>18h: Cerim\u00f4nia de encerramento<br \/>\nLocal: Audit\u00f3rio do CUICA \u2013 UFT<\/p>\n<p><strong>21 de mar\u00e7o<\/strong><\/p>\n<p>08h\u2013 17h: Imers\u00e3o ind\u00edgena \u2013 viv\u00eancia intercultural, educa\u00e7\u00e3o ancestral e territorial<br \/>\nLocal: Munic\u00edpio de Tocant\u00ednia (aproximadamente 60 km de Palmas)<\/p>\n","protected":false},"excerpt":{"rendered":"<p>A abertura oficial ser\u00e1 realizada nesta quinta-feira, 19, \u00e0s 8h, no CUICA UFT C\u00e2mpus Palmas A Universidade da Maturidade (UMA), tecnologia social da Universidade Federal do Tocantins (UFT), realiza, entre os dias 19 e 21 de mar\u00e7o, em Palmas, a celebra\u00e7\u00e3o dos seus 20 anos de atua\u00e7\u00e3o. O evento acontece no audit\u00f3rio do Centro Universit\u00e1rio [&hellip;]<\/p>\n","protected":false},"author":2,"featured_media":1802,"comment_status":"closed","ping_status":"closed","sticky":false,"template":"","format":"standard","meta":{"footnotes":""},"categories":[1],"tags":[],"_links":{"self":[{"href":"https:\/\/sites.uft.edu.br\/uma\/wp-json\/wp\/v2\/posts\/1801"}],"collection":[{"href":"https:\/\/sites.uft.edu.br\/uma\/wp-json\/wp\/v2\/posts"}],"about":[{"href":"https:\/\/sites.uft.edu.br\/uma\/wp-json\/wp\/v2\/types\/post"}],"author":[{"embeddable":true,"href":"https:\/\/sites.uft.edu.br\/uma\/wp-json\/wp\/v2\/users\/2"}],"replies":[{"embeddable":true,"href":"https:\/\/sites.uft.edu.br\/uma\/wp-json\/wp\/v2\/comments?post=1801"}],"version-history":[{"count":1,"href":"https:\/\/sites.uft.edu.br\/uma\/wp-json\/wp\/v2\/posts\/1801\/revisions"}],"predecessor-version":[{"id":1803,"href":"https:\/\/sites.uft.edu.br\/uma\/wp-json\/wp\/v2\/posts\/1801\/revisions\/1803"}],"wp:featuredmedia":[{"embeddable":true,"href":"https:\/\/sites.uft.edu.br\/uma\/wp-json\/wp\/v2\/media\/1802"}],"wp:attachment":[{"href":"https:\/\/sites.uft.edu.br\/uma\/wp-json\/wp\/v2\/media?parent=1801"}],"wp:term":[{"taxonomy":"category","embeddable":true,"href":"https:\/\/sites.uft.edu.br\/uma\/wp-json\/wp\/v2\/categories?post=1801"},{"taxonomy":"post_tag","embeddable":true,"href":"https:\/\/sites.uft.edu.br\/uma\/wp-json\/wp\/v2\/tags?post=1801"}],"curies":[{"name":"wp","href":"https:\/\/api.w.org\/{rel}","templated":true}]}}