{"id":1762,"date":"2025-12-27T14:51:05","date_gmt":"2025-12-27T17:51:05","guid":{"rendered":"https:\/\/sites.uft.edu.br\/uma\/?p=1762"},"modified":"2025-12-29T15:11:41","modified_gmt":"2025-12-29T18:11:41","slug":"1762-2","status":"publish","type":"post","link":"https:\/\/sites.uft.edu.br\/uma\/1762-2\/","title":{"rendered":""},"content":{"rendered":"<p>A Universidade da Maturidade (UMA), programa da Universidade Federal do Tocantins (UFT), manifesta profundo pesar pelo falecimento do ex-prefeito de Para\u00edso do Tocantins, Mois\u00e9s Nogueira Avelino.<\/p>\n<p>Mois\u00e9s Avelino teve papel fundamental na implanta\u00e7\u00e3o do polo da Universidade da Maturidade no munic\u00edpio, contribuindo de forma decisiva para sua viabiliza\u00e7\u00e3o.<\/p>\n<p>A UMA se solidariza com os familiares, amigos e com toda a comunidade, reconhecendo a contribui\u00e7\u00e3o deixada por Mois\u00e9s Avelino para a educa\u00e7\u00e3o e para a promo\u00e7\u00e3o de um envelhecimento digno.<\/p>\n<p>Dra. Neila Os\u00f3rio<br \/>\nDr. Luiz Sin\u00e9sio Neto<\/p>\n<p>Coordenadores da Universidade da Maturidade<\/p>\n","protected":false},"excerpt":{"rendered":"<p>A Universidade da Maturidade (UMA), programa da Universidade Federal do Tocantins (UFT), manifesta profundo pesar pelo falecimento do ex-prefeito de Para\u00edso do Tocantins, Mois\u00e9s Nogueira Avelino. Mois\u00e9s Avelino teve papel fundamental na implanta\u00e7\u00e3o do polo da Universidade da Maturidade no munic\u00edpio, contribuindo de forma decisiva para sua viabiliza\u00e7\u00e3o. A UMA se solidariza com os familiares, [&hellip;]<\/p>\n","protected":false},"author":2,"featured_media":1763,"comment_status":"closed","ping_status":"closed","sticky":false,"template":"","format":"standard","meta":{"footnotes":""},"categories":[1],"tags":[],"_links":{"self":[{"href":"https:\/\/sites.uft.edu.br\/uma\/wp-json\/wp\/v2\/posts\/1762"}],"collection":[{"href":"https:\/\/sites.uft.edu.br\/uma\/wp-json\/wp\/v2\/posts"}],"about":[{"href":"https:\/\/sites.uft.edu.br\/uma\/wp-json\/wp\/v2\/types\/post"}],"author":[{"embeddable":true,"href":"https:\/\/sites.uft.edu.br\/uma\/wp-json\/wp\/v2\/users\/2"}],"replies":[{"embeddable":true,"href":"https:\/\/sites.uft.edu.br\/uma\/wp-json\/wp\/v2\/comments?post=1762"}],"version-history":[{"count":1,"href":"https:\/\/sites.uft.edu.br\/uma\/wp-json\/wp\/v2\/posts\/1762\/revisions"}],"predecessor-version":[{"id":1764,"href":"https:\/\/sites.uft.edu.br\/uma\/wp-json\/wp\/v2\/posts\/1762\/revisions\/1764"}],"wp:featuredmedia":[{"embeddable":true,"href":"https:\/\/sites.uft.edu.br\/uma\/wp-json\/wp\/v2\/media\/1763"}],"wp:attachment":[{"href":"https:\/\/sites.uft.edu.br\/uma\/wp-json\/wp\/v2\/media?parent=1762"}],"wp:term":[{"taxonomy":"category","embeddable":true,"href":"https:\/\/sites.uft.edu.br\/uma\/wp-json\/wp\/v2\/categories?post=1762"},{"taxonomy":"post_tag","embeddable":true,"href":"https:\/\/sites.uft.edu.br\/uma\/wp-json\/wp\/v2\/tags?post=1762"}],"curies":[{"name":"wp","href":"https:\/\/api.w.org\/{rel}","templated":true}]}}