{"id":1670,"date":"2025-06-05T17:11:53","date_gmt":"2025-06-05T20:11:53","guid":{"rendered":"https:\/\/sites.uft.edu.br\/uma\/?p=1670"},"modified":"2025-06-05T17:11:53","modified_gmt":"2025-06-05T20:11:53","slug":"6o-arraia-da-universidade-da-maturidade-sera-realizado-nesta-sexta-feira-6-no-campus-palmas-da-uft","status":"publish","type":"post","link":"https:\/\/sites.uft.edu.br\/uma\/6o-arraia-da-universidade-da-maturidade-sera-realizado-nesta-sexta-feira-6-no-campus-palmas-da-uft\/","title":{"rendered":"6\u00ba Arrai\u00e1 da Universidade da Maturidade ser\u00e1 realizado nesta sexta-feira, 6, no C\u00e2mpus Palmas da UFT"},"content":{"rendered":"<div>Muita comida t\u00edpica, dan\u00e7a e anima\u00e7\u00e3o estar\u00e3o presentes no 6\u00ba Arrai\u00e1 da Universidade da Maturidade (UMA), tecnologia social da Universidade Federal do Tocantins (UFT), polo de Palmas. O evento ser\u00e1 realizado nesta sexta-feira, 6, a partir das 17 horas, no estacionamento dos blocos de Nutri\u00e7\u00e3o e Jornalismo, no C\u00e2mpus Palmas da UFT.<\/p>\n<p>Realizado em parceria com a Liga Acad\u00eamica de Geriatria e Gerontologia (LAGG) e o Centro Acad\u00eamico de Medicina Eduardo Manzano (Caem), o Arrai\u00e1 da UMA \u00e9 uma celebra\u00e7\u00e3o da cultura popular e da conviv\u00eancia entre gera\u00e7\u00f5es, reunindo alunos da maturidade e da gradua\u00e7\u00e3o.<\/p>\n<p>Al\u00e9m de promover a integra\u00e7\u00e3o e valorizar as manifesta\u00e7\u00f5es culturais, o evento tamb\u00e9m tem como objetivo arrecadar recursos para custear a viagem do Grupo de Dan\u00e7a Flores dos Ip\u00eas, selecionado para participar do 42\u00ba Festival de Dan\u00e7a de Joinville, considerado o maior festival de dan\u00e7a do mundo, que ser\u00e1 realizado entre os dias 21 de julho e 2 de agosto, no Centreventos Cau Hansen, em Joinville (SC).<\/p>\n<p><strong>Confira a programa\u00e7\u00e3o:<\/strong><\/p>\n<p>18h \u2013 Apresenta\u00e7\u00e3o do acad\u00eamico Agostinho Batista<br \/>\n18h30 \u2013 Declama\u00e7\u00e3o de poesias<br \/>\n19h \u2013 Apresenta\u00e7\u00e3o do Coral da UMA<br \/>\n19h30 \u2013 Apresenta\u00e7\u00e3o do Grupo de Dan\u00e7a Flores dos Ip\u00eas com a coreografia \u201cSou Tocantinense\u201d<br \/>\n21h \u2013 Apresenta\u00e7\u00e3o da Bateria da Atl\u00e9tica de Medicina<br \/>\n21h30 \u2013 Apresenta\u00e7\u00e3o do Grupo de Dan\u00e7a Flores dos Ip\u00eas com as coreografias de Carimb\u00f3 e da Quadrilha Intergeracional<\/p><\/div>\n<div><\/div>\n","protected":false},"excerpt":{"rendered":"<p>Muita comida t\u00edpica, dan\u00e7a e anima\u00e7\u00e3o estar\u00e3o presentes no 6\u00ba Arrai\u00e1 da Universidade da Maturidade (UMA), tecnologia social da Universidade Federal do Tocantins (UFT), polo de Palmas. O evento ser\u00e1 realizado nesta sexta-feira, 6, a partir das 17 horas, no estacionamento dos blocos de Nutri\u00e7\u00e3o e Jornalismo, no C\u00e2mpus Palmas da UFT. Realizado em parceria [&hellip;]<\/p>\n","protected":false},"author":2,"featured_media":1671,"comment_status":"closed","ping_status":"closed","sticky":false,"template":"","format":"standard","meta":{"footnotes":""},"categories":[1],"tags":[],"_links":{"self":[{"href":"https:\/\/sites.uft.edu.br\/uma\/wp-json\/wp\/v2\/posts\/1670"}],"collection":[{"href":"https:\/\/sites.uft.edu.br\/uma\/wp-json\/wp\/v2\/posts"}],"about":[{"href":"https:\/\/sites.uft.edu.br\/uma\/wp-json\/wp\/v2\/types\/post"}],"author":[{"embeddable":true,"href":"https:\/\/sites.uft.edu.br\/uma\/wp-json\/wp\/v2\/users\/2"}],"replies":[{"embeddable":true,"href":"https:\/\/sites.uft.edu.br\/uma\/wp-json\/wp\/v2\/comments?post=1670"}],"version-history":[{"count":1,"href":"https:\/\/sites.uft.edu.br\/uma\/wp-json\/wp\/v2\/posts\/1670\/revisions"}],"predecessor-version":[{"id":1672,"href":"https:\/\/sites.uft.edu.br\/uma\/wp-json\/wp\/v2\/posts\/1670\/revisions\/1672"}],"wp:featuredmedia":[{"embeddable":true,"href":"https:\/\/sites.uft.edu.br\/uma\/wp-json\/wp\/v2\/media\/1671"}],"wp:attachment":[{"href":"https:\/\/sites.uft.edu.br\/uma\/wp-json\/wp\/v2\/media?parent=1670"}],"wp:term":[{"taxonomy":"category","embeddable":true,"href":"https:\/\/sites.uft.edu.br\/uma\/wp-json\/wp\/v2\/categories?post=1670"},{"taxonomy":"post_tag","embeddable":true,"href":"https:\/\/sites.uft.edu.br\/uma\/wp-json\/wp\/v2\/tags?post=1670"}],"curies":[{"name":"wp","href":"https:\/\/api.w.org\/{rel}","templated":true}]}}