{"id":1466,"date":"2024-01-29T15:33:08","date_gmt":"2024-01-29T18:33:08","guid":{"rendered":"https:\/\/sites.uft.edu.br\/uma\/?p=1466"},"modified":"2024-01-29T15:33:08","modified_gmt":"2024-01-29T18:33:08","slug":"universidade-da-maturidade-consolida-parcerias-e-expande-rede-de-atuacao-em-portugal","status":"publish","type":"post","link":"https:\/\/sites.uft.edu.br\/uma\/universidade-da-maturidade-consolida-parcerias-e-expande-rede-de-atuacao-em-portugal\/","title":{"rendered":"Universidade da Maturidade consolida parcerias e expande rede de atua\u00e7\u00e3o em Portugal"},"content":{"rendered":"<p>A coordenadora da Universidade da Maturidade (UMA), da Universidade Federal do Tocantins (UFT), Dra. Neila Os\u00f3rio, e o assessor de projetos, Fernando Nunes, retornaram na sexta-feira, 26, ao Brasil ap\u00f3s agenda em Portugal. Al\u00e9m de divulgar a tecnologia social da UMA, consolidaram parcerias e expandiram rede de atua\u00e7\u00e3o com institui\u00e7\u00f5es que trabalham com o envelhecimento no pa\u00eds europeu.<\/p>\n<p>As parcerias estabelecidas foram com o Centro de Compet\u00eancias em Envelhecimento Ativo e Saud\u00e1vel da Universidade do Porto \u2013 Porto4Ageing; Associa\u00e7\u00e3o Internacional de Universidades da Terceira Idade (IAUTA); Associa\u00e7\u00e3o Nacional de Gerontologia Social (Anges), e com Laborat\u00f3rio de Envelhecimento de \u00cdlhavo. Outra parceria foi com a Rede de Universidades da Terceira Idade (Rutis), que homenageou a UMA com medalha de honra ao m\u00e9rito.<\/p>\n<p><img loading=\"lazy\" decoding=\"async\" class=\"alignnone size-full wp-image-1468\" src=\"http:\/\/sites.uft.edu.br\/uma\/wp-content\/uploads\/2024\/01\/WhatsApp-Image-2024-01-18-at-15.32.01-1.jpeg\" alt=\"\" width=\"1024\" height=\"768\" srcset=\"https:\/\/sites.uft.edu.br\/uma\/wp-content\/uploads\/2024\/01\/WhatsApp-Image-2024-01-18-at-15.32.01-1.jpeg 1024w, https:\/\/sites.uft.edu.br\/uma\/wp-content\/uploads\/2024\/01\/WhatsApp-Image-2024-01-18-at-15.32.01-1-300x225.jpeg 300w, https:\/\/sites.uft.edu.br\/uma\/wp-content\/uploads\/2024\/01\/WhatsApp-Image-2024-01-18-at-15.32.01-1-768x576.jpeg 768w\" sizes=\"(max-width: 1024px) 100vw, 1024px\" \/><\/p>\n<p>A coordenadora da UMA, Dra. Neila Os\u00f3rio, destaca a import\u00e2ncia da agenda internacional. &#8220;Foi uma agenda muito positiva. Conhecemos diversos projetos de envelhecimento, como a inovadora hub A av\u00f3 veio trabalhar. Algumas coopera\u00e7\u00f5es t\u00e9cnicas j\u00e1 foram assinadas, outras est\u00e3o em fase de tratativas. Estamos entusiasmados com as oportunidades que se apresentam. A troca de conhecimento e a consolida\u00e7\u00e3o de parcerias s\u00e3o essenciais para aprimorarmos nosso compromisso com o envelhecimento ativo e saud\u00e1vel\u201d.<\/p>\n<p>O assessor de projetos, Fernando Nunes, ressalta a import\u00e2ncia dessas parcerias para a UMA e destaca o avan\u00e7o na coopera\u00e7\u00e3o internacional. &#8220;O estreitamento de la\u00e7os ocorre em um momento especial, pois neste ano celebramos os 18 anos da UMA. Estamos preparando grandes surpresas para os acad\u00eamicos, por meio das parcerias conquistadas em Portugal. Dra. Neila Os\u00f3rio est\u00e1 se capacitando para ser multiplicadora de v\u00e1rios projetos, incluindo laborat\u00f3rio de luto e envelhecimento, empreendedorismo para os mais velhos, sa\u00fade digital, gest\u00e3o de universidades s\u00eaniores, entre outros&#8221;.<\/p>\n<p>A agenda foi finalizada com uma mesa-redonda, na Universidade das Avenidas Novas para a Terceira Idade (Unanti) com o tema \u201cEduca\u00e7\u00e3o Intergeracional Rumo a um Mundo Melhor\u201d que teve como palestrantes a embaixadora da paz, Dra. Neila Os\u00f3rio e a Dra. Emilia Barradas de Noronha, e o Doutorando Fernando Nunes, com modera\u00e7\u00e3o da Dra. Teresa Antunes. O evento foi realizado pela UMA e Embaixada da Paz Cercle Universel des Ambassadeurs de La Paix\u00a0 \u2013 de Genebre\u00a0 \u2013 Suisse.<\/p>\n<p><img loading=\"lazy\" decoding=\"async\" class=\"alignnone size-full wp-image-1469\" src=\"http:\/\/sites.uft.edu.br\/uma\/wp-content\/uploads\/2024\/01\/WhatsApp-Image-2024-01-24-at-15.26.43.jpeg\" alt=\"\" width=\"1024\" height=\"768\" srcset=\"https:\/\/sites.uft.edu.br\/uma\/wp-content\/uploads\/2024\/01\/WhatsApp-Image-2024-01-24-at-15.26.43.jpeg 1024w, https:\/\/sites.uft.edu.br\/uma\/wp-content\/uploads\/2024\/01\/WhatsApp-Image-2024-01-24-at-15.26.43-300x225.jpeg 300w, https:\/\/sites.uft.edu.br\/uma\/wp-content\/uploads\/2024\/01\/WhatsApp-Image-2024-01-24-at-15.26.43-768x576.jpeg 768w\" sizes=\"(max-width: 1024px) 100vw, 1024px\" \/><\/p>\n","protected":false},"excerpt":{"rendered":"<p>A coordenadora da Universidade da Maturidade (UMA), da Universidade Federal do Tocantins (UFT), Dra. Neila Os\u00f3rio, e o assessor de projetos, Fernando Nunes, retornaram na sexta-feira, 26, ao Brasil ap\u00f3s agenda em Portugal. Al\u00e9m de divulgar a tecnologia social da UMA, consolidaram parcerias e expandiram rede de atua\u00e7\u00e3o com institui\u00e7\u00f5es que trabalham com o envelhecimento [&hellip;]<\/p>\n","protected":false},"author":2,"featured_media":1467,"comment_status":"closed","ping_status":"closed","sticky":false,"template":"","format":"standard","meta":{"footnotes":""},"categories":[1],"tags":[],"_links":{"self":[{"href":"https:\/\/sites.uft.edu.br\/uma\/wp-json\/wp\/v2\/posts\/1466"}],"collection":[{"href":"https:\/\/sites.uft.edu.br\/uma\/wp-json\/wp\/v2\/posts"}],"about":[{"href":"https:\/\/sites.uft.edu.br\/uma\/wp-json\/wp\/v2\/types\/post"}],"author":[{"embeddable":true,"href":"https:\/\/sites.uft.edu.br\/uma\/wp-json\/wp\/v2\/users\/2"}],"replies":[{"embeddable":true,"href":"https:\/\/sites.uft.edu.br\/uma\/wp-json\/wp\/v2\/comments?post=1466"}],"version-history":[{"count":1,"href":"https:\/\/sites.uft.edu.br\/uma\/wp-json\/wp\/v2\/posts\/1466\/revisions"}],"predecessor-version":[{"id":1470,"href":"https:\/\/sites.uft.edu.br\/uma\/wp-json\/wp\/v2\/posts\/1466\/revisions\/1470"}],"wp:featuredmedia":[{"embeddable":true,"href":"https:\/\/sites.uft.edu.br\/uma\/wp-json\/wp\/v2\/media\/1467"}],"wp:attachment":[{"href":"https:\/\/sites.uft.edu.br\/uma\/wp-json\/wp\/v2\/media?parent=1466"}],"wp:term":[{"taxonomy":"category","embeddable":true,"href":"https:\/\/sites.uft.edu.br\/uma\/wp-json\/wp\/v2\/categories?post=1466"},{"taxonomy":"post_tag","embeddable":true,"href":"https:\/\/sites.uft.edu.br\/uma\/wp-json\/wp\/v2\/tags?post=1466"}],"curies":[{"name":"wp","href":"https:\/\/api.w.org\/{rel}","templated":true}]}}