{"id":1458,"date":"2024-01-17T15:14:00","date_gmt":"2024-01-17T18:14:00","guid":{"rendered":"https:\/\/sites.uft.edu.br\/uma\/?p=1458"},"modified":"2024-01-17T15:46:02","modified_gmt":"2024-01-17T18:46:02","slug":"tecnologia-social-da-universidade-da-maturidade-e-apresentada-para-instituicoes-europeias","status":"publish","type":"post","link":"https:\/\/sites.uft.edu.br\/uma\/tecnologia-social-da-universidade-da-maturidade-e-apresentada-para-instituicoes-europeias\/","title":{"rendered":"Tecnologia social da Universidade da Maturidade \u00e9 apresentada para institui\u00e7\u00f5es Europeias"},"content":{"rendered":"<p><em>Dra. Neila Os\u00f3rio, coordenadora da UMA, e o assessor de projetos, Fernando Nunes, representam a institui\u00e7\u00e3o em Portugal<\/em><\/p>\n<p><strong>Por Assessoria de Comunica\u00e7\u00e3o UMA <\/strong><\/p>\n<p>A coordenadora da Universidade da Maturidade (UMA) da Universidade Federal do Tocantins (UFT), Dra. Neila Os\u00f3rio, e o assessor de projetos, Fernando Nunes, participam em Portugal, no territ\u00f3rio europeu, de uma agenda de atividades voltada para a divulga\u00e7\u00e3o da UMA e a troca de conhecimento com institui\u00e7\u00f5es dedicadas \u00e0s pessoas idosas.<\/p>\n<p>A coordenadora da UMA, Dra. Neila Os\u00f3rio, destaca a import\u00e2ncia da agenda internacional. &#8220;Estamos empenhados em fortalecer nossa rede de parcerias e aprender com as experi\u00eancias exitosas de institui\u00e7\u00f5es renomadas. Essa troca de conhecimento contribuir\u00e1 significativamente para o enriquecimento de nossos projetos e para a promo\u00e7\u00e3o do envelhecimento saud\u00e1vel e participativo&#8221;.<\/p>\n<p>Nesta quarta-feira, 17, a agenda est\u00e1 voltada para \u00cdlhavo, onde ocorre a celebra\u00e7\u00e3o do 2\u00ba anivers\u00e1rio do Laborat\u00f3rio de Envelhecimento do Centro de Compet\u00eancias do Envelhecimento Ativo. J\u00e1 nesta quinta-feira, 18, os compromissos institucionais ser\u00e3o na Universidade Terceira Idade de Santar\u00e9m (UTIS).<\/p>\n<p><img loading=\"lazy\" decoding=\"async\" class=\"size-large wp-image-1460 aligncenter\" src=\"http:\/\/sites.uft.edu.br\/uma\/wp-content\/uploads\/2024\/01\/WhatsApp-Image-2024-01-17-at-15.09.24-1024x576.jpeg\" alt=\"\" width=\"525\" height=\"295\" srcset=\"https:\/\/sites.uft.edu.br\/uma\/wp-content\/uploads\/2024\/01\/WhatsApp-Image-2024-01-17-at-15.09.24-1024x576.jpeg 1024w, https:\/\/sites.uft.edu.br\/uma\/wp-content\/uploads\/2024\/01\/WhatsApp-Image-2024-01-17-at-15.09.24-300x169.jpeg 300w, https:\/\/sites.uft.edu.br\/uma\/wp-content\/uploads\/2024\/01\/WhatsApp-Image-2024-01-17-at-15.09.24-768x432.jpeg 768w, https:\/\/sites.uft.edu.br\/uma\/wp-content\/uploads\/2024\/01\/WhatsApp-Image-2024-01-17-at-15.09.24-1536x864.jpeg 1536w, https:\/\/sites.uft.edu.br\/uma\/wp-content\/uploads\/2024\/01\/WhatsApp-Image-2024-01-17-at-15.09.24.jpeg 1600w\" sizes=\"(max-width: 525px) 100vw, 525px\" \/><\/p>\n<p>Na ter\u00e7a-feira, 16, os representantes da UMA se encontraram com membros do conselho cient\u00edfico da Associa\u00e7\u00e3o Internacional de Universidades da Terceira Idade (AIUTA), onde consolidaram parcerias. Essa colabora\u00e7\u00e3o visa unir esfor\u00e7os em prol da interculturalidade e a promo\u00e7\u00e3o de iniciativas voltadas para o envelhecimento ativo.<\/p>\n<p>J\u00e1 na segunda-feira, 15, a equipe participou de uma imers\u00e3o t\u00e9cnica na institui\u00e7\u00e3o \u201cA Av\u00f3 Veio Trabalhar\u201d, que \u00e9 um Hub Criativa de aprendizagem, partilha e empoderamento, que por meio da utiliza\u00e7\u00e3o de trabalhos tradicionais e do design aumenta o poder de interven\u00e7\u00e3o dos idosos na nossa sociedade. A proposta da visita foi estabelecer uma troca de conhecimento que possibilite o desenvolvimento de novos projetos de gera\u00e7\u00e3o de renda, especialmente na \u00e1rea de Moda e Cria\u00e7\u00e3o para os acad\u00eamicos da UMA.<\/p>\n<p><img loading=\"lazy\" decoding=\"async\" class=\"wp-image-1461 aligncenter\" src=\"http:\/\/sites.uft.edu.br\/uma\/wp-content\/uploads\/2024\/01\/WhatsApp-Image-2024-01-15-at-08.02.51.jpeg\" alt=\"\" width=\"565\" height=\"424\" srcset=\"https:\/\/sites.uft.edu.br\/uma\/wp-content\/uploads\/2024\/01\/WhatsApp-Image-2024-01-15-at-08.02.51.jpeg 1024w, https:\/\/sites.uft.edu.br\/uma\/wp-content\/uploads\/2024\/01\/WhatsApp-Image-2024-01-15-at-08.02.51-300x225.jpeg 300w, https:\/\/sites.uft.edu.br\/uma\/wp-content\/uploads\/2024\/01\/WhatsApp-Image-2024-01-15-at-08.02.51-768x576.jpeg 768w\" sizes=\"(max-width: 565px) 100vw, 565px\" \/><\/p>\n<p>Ainda na agenda, no dia 24, ser\u00e1 realizada uma mesa-redonda, \u00e0s 16h, na Universidade das Avenidas Novas para a Terceira Idade (Unanti) com o tema \u201cEduca\u00e7\u00e3o Intergeracional Rumo a um Mundo Melhor\u201d que ter\u00e1 como palestrantes a embaixadora da paz, Dra. Neila Os\u00f3rio e a Dra. Emilia Barradas de Noronha, e o Doutorando Fernando Nunes, com modera\u00e7\u00e3o da Dra. Tereza Antunes. O evento ser\u00e1 realizado pela UMA e Embaixada da Paz Cercle Universel des Ambassadeurs de La Paix\u00a0 &#8211; de Genebre\u00a0 &#8211; Suisse.<\/p>\n","protected":false},"excerpt":{"rendered":"<p>Dra. Neila Os\u00f3rio, coordenadora da UMA, e o assessor de projetos, Fernando Nunes, representam a institui\u00e7\u00e3o em Portugal Por Assessoria de Comunica\u00e7\u00e3o UMA A coordenadora da Universidade da Maturidade (UMA) da Universidade Federal do Tocantins (UFT), Dra. Neila Os\u00f3rio, e o assessor de projetos, Fernando Nunes, participam em Portugal, no territ\u00f3rio europeu, de uma agenda [&hellip;]<\/p>\n","protected":false},"author":2,"featured_media":1459,"comment_status":"closed","ping_status":"closed","sticky":false,"template":"","format":"standard","meta":{"footnotes":""},"categories":[1],"tags":[],"_links":{"self":[{"href":"https:\/\/sites.uft.edu.br\/uma\/wp-json\/wp\/v2\/posts\/1458"}],"collection":[{"href":"https:\/\/sites.uft.edu.br\/uma\/wp-json\/wp\/v2\/posts"}],"about":[{"href":"https:\/\/sites.uft.edu.br\/uma\/wp-json\/wp\/v2\/types\/post"}],"author":[{"embeddable":true,"href":"https:\/\/sites.uft.edu.br\/uma\/wp-json\/wp\/v2\/users\/2"}],"replies":[{"embeddable":true,"href":"https:\/\/sites.uft.edu.br\/uma\/wp-json\/wp\/v2\/comments?post=1458"}],"version-history":[{"count":4,"href":"https:\/\/sites.uft.edu.br\/uma\/wp-json\/wp\/v2\/posts\/1458\/revisions"}],"predecessor-version":[{"id":1465,"href":"https:\/\/sites.uft.edu.br\/uma\/wp-json\/wp\/v2\/posts\/1458\/revisions\/1465"}],"wp:featuredmedia":[{"embeddable":true,"href":"https:\/\/sites.uft.edu.br\/uma\/wp-json\/wp\/v2\/media\/1459"}],"wp:attachment":[{"href":"https:\/\/sites.uft.edu.br\/uma\/wp-json\/wp\/v2\/media?parent=1458"}],"wp:term":[{"taxonomy":"category","embeddable":true,"href":"https:\/\/sites.uft.edu.br\/uma\/wp-json\/wp\/v2\/categories?post=1458"},{"taxonomy":"post_tag","embeddable":true,"href":"https:\/\/sites.uft.edu.br\/uma\/wp-json\/wp\/v2\/tags?post=1458"}],"curies":[{"name":"wp","href":"https:\/\/api.w.org\/{rel}","templated":true}]}}