{"id":1423,"date":"2023-10-31T20:21:02","date_gmt":"2023-10-31T23:21:02","guid":{"rendered":"https:\/\/sites.uft.edu.br\/uma\/?p=1423"},"modified":"2023-10-31T20:30:45","modified_gmt":"2023-10-31T23:30:45","slug":"show-de-talentos-e-baile-das-geracoes-promovem-uniao-entre-academicos-da-uma-e-do-unicatolica","status":"publish","type":"post","link":"https:\/\/sites.uft.edu.br\/uma\/show-de-talentos-e-baile-das-geracoes-promovem-uniao-entre-academicos-da-uma-e-do-unicatolica\/","title":{"rendered":"Show de talentos e baile das gera\u00e7\u00f5es promovem uni\u00e3o entre acad\u00eamicos da UMA e do UniCat\u00f3lica"},"content":{"rendered":"<p><em>A a\u00e7\u00e3o faz parte do Projeto Esta\u00e7\u00e3o Florescer, que visa aprofundar o conhecimento sobre o envelhecimento humano para combater o etarismo<\/em><\/p>\n<p>M\u00fasica, dan\u00e7a e discuss\u00f5es sobre as rela\u00e7\u00f5es entre jovens e idosos marcaram o &#8220;Baile das Gera\u00e7\u00f5es e Show de Talentos&#8221; realizado nesta ter\u00e7a-feira, 31, na Universidade da Maturidade (UMA), da Universidade Federal do Tocantins (UFT), polo de Palmas. O evento, parceria da UMA com o Centro Universit\u00e1rio Cat\u00f3lica do Tocantins (UniCat\u00f3lica), \u00e9 parte do Projeto Esta\u00e7\u00e3o Florescer, que busca aprofundar os conhecimentos sobre o envelhecimento humano, visando erradicar o etarismo.<\/p>\n<p>A coordenadora da UMA, Dra. Neila Os\u00f3rio, destacou a relev\u00e2ncia da a\u00e7\u00e3o. &#8220;\u00c9 o fortalecimento do nosso trabalho enquanto institui\u00e7\u00f5es p\u00fablicas e privadas, pois estimulam a pesquisa na \u00e1rea do envelhecimento humano e a intera\u00e7\u00e3o entre todas as gera\u00e7\u00f5es, contribuindo para a redu\u00e7\u00e3o dos conflitos em todos os ciclos da vida\u201d.<\/p>\n<figure id=\"attachment_1426\" aria-describedby=\"caption-attachment-1426\" style=\"width: 469px\" class=\"wp-caption aligncenter\"><img loading=\"lazy\" decoding=\"async\" class=\" wp-image-1426\" src=\"http:\/\/sites.uft.edu.br\/uma\/wp-content\/uploads\/2023\/10\/WhatsApp-Image-2023-10-31-at-18.32.07-1024x768.jpeg\" alt=\"Foto 02 \u2013 Coordenadora da UMA, Dra. Neila Os\u00f3rio, destacou a relev\u00e2ncia da a\u00e7\u00e3o\" width=\"469\" height=\"352\" srcset=\"https:\/\/sites.uft.edu.br\/uma\/wp-content\/uploads\/2023\/10\/WhatsApp-Image-2023-10-31-at-18.32.07-1024x768.jpeg 1024w, https:\/\/sites.uft.edu.br\/uma\/wp-content\/uploads\/2023\/10\/WhatsApp-Image-2023-10-31-at-18.32.07-300x225.jpeg 300w, https:\/\/sites.uft.edu.br\/uma\/wp-content\/uploads\/2023\/10\/WhatsApp-Image-2023-10-31-at-18.32.07-768x576.jpeg 768w, https:\/\/sites.uft.edu.br\/uma\/wp-content\/uploads\/2023\/10\/WhatsApp-Image-2023-10-31-at-18.32.07-1536x1152.jpeg 1536w, https:\/\/sites.uft.edu.br\/uma\/wp-content\/uploads\/2023\/10\/WhatsApp-Image-2023-10-31-at-18.32.07-2048x1536.jpeg 2048w\" sizes=\"(max-width: 469px) 100vw, 469px\" \/><figcaption id=\"caption-attachment-1426\" class=\"wp-caption-text\">Coordenadora da UMA, Dra. Neila Os\u00f3rio, destacou a relev\u00e2ncia da a\u00e7\u00e3o<\/figcaption><\/figure>\n<p>A Dra. Patr\u00edcia Nomellini, docente do UniCat\u00f3lica, ressaltou a import\u00e2ncia de formar profissionais capacitados para compreender a velhice da melhor maneira poss\u00edvel. &#8220;O envelhecimento populacional \u00e9 uma realidade no Brasil e ao contr\u00e1rio de outros pa\u00edses europeus, por exemplo, que tiveram tempo para se organizar, aqui estamos envelhecendo rapidamente sem uma estrutura que ofere\u00e7a qualidade de vida para essa popula\u00e7\u00e3o. Portanto, trabalhar essa quest\u00e3o desde os primeiros per\u00edodos \u00e9 crucial para formar psic\u00f3logos que compreendam os anseios e as necessidades das pessoas idosas\u201d.<\/p>\n<figure id=\"attachment_1427\" aria-describedby=\"caption-attachment-1427\" style=\"width: 525px\" class=\"wp-caption aligncenter\"><img loading=\"lazy\" decoding=\"async\" class=\"wp-image-1427\" src=\"http:\/\/sites.uft.edu.br\/uma\/wp-content\/uploads\/2023\/10\/WhatsApp-Image-2023-10-31-at-18.32.59-1024x768.jpeg\" alt=\"Patr\u00edcia Nomellini, docente da UniCat\u00f3lica, ressaltou a import\u00e2ncia de formar profissionais capacitados para compreender a velhice da melhor maneira poss\u00edvel\" width=\"525\" height=\"394\" srcset=\"https:\/\/sites.uft.edu.br\/uma\/wp-content\/uploads\/2023\/10\/WhatsApp-Image-2023-10-31-at-18.32.59-1024x768.jpeg 1024w, https:\/\/sites.uft.edu.br\/uma\/wp-content\/uploads\/2023\/10\/WhatsApp-Image-2023-10-31-at-18.32.59-300x225.jpeg 300w, https:\/\/sites.uft.edu.br\/uma\/wp-content\/uploads\/2023\/10\/WhatsApp-Image-2023-10-31-at-18.32.59-768x576.jpeg 768w, https:\/\/sites.uft.edu.br\/uma\/wp-content\/uploads\/2023\/10\/WhatsApp-Image-2023-10-31-at-18.32.59-1536x1152.jpeg 1536w, https:\/\/sites.uft.edu.br\/uma\/wp-content\/uploads\/2023\/10\/WhatsApp-Image-2023-10-31-at-18.32.59-2048x1536.jpeg 2048w\" sizes=\"(max-width: 525px) 100vw, 525px\" \/><figcaption id=\"caption-attachment-1427\" class=\"wp-caption-text\">A Dr. Patr\u00edcia Nomellini, docente da UniCat\u00f3lica, ressaltou a import\u00e2ncia de formar profissionais capacitados para compreender a velhice da melhor maneira poss\u00edvel<\/figcaption><\/figure>\n<p>J\u00e9ssica Ribeiro Martins, graduanda de Psicologia, destacou como essa experi\u00eancia contribuir\u00e1 para sua forma\u00e7\u00e3o. &#8220;\u00c9 importante para n\u00f3s termos momentos como esse, compreender o que \u00e9 significativo para eles, suas hist\u00f3rias e o que foi marcante em suas vidas. Isso vai colaborar tanto para nossa experi\u00eancia na psicologia quanto para nosso crescimento como seres humanos\u201d.<\/p>\n<figure id=\"attachment_1428\" aria-describedby=\"caption-attachment-1428\" style=\"width: 525px\" class=\"wp-caption aligncenter\"><img loading=\"lazy\" decoding=\"async\" class=\"wp-image-1428 size-large\" src=\"http:\/\/sites.uft.edu.br\/uma\/wp-content\/uploads\/2023\/10\/WhatsApp-Image-2023-10-31-at-18.29.50-1024x768.jpeg\" alt=\"\" width=\"525\" height=\"394\" srcset=\"https:\/\/sites.uft.edu.br\/uma\/wp-content\/uploads\/2023\/10\/WhatsApp-Image-2023-10-31-at-18.29.50-1024x768.jpeg 1024w, https:\/\/sites.uft.edu.br\/uma\/wp-content\/uploads\/2023\/10\/WhatsApp-Image-2023-10-31-at-18.29.50-300x225.jpeg 300w, https:\/\/sites.uft.edu.br\/uma\/wp-content\/uploads\/2023\/10\/WhatsApp-Image-2023-10-31-at-18.29.50-768x576.jpeg 768w, https:\/\/sites.uft.edu.br\/uma\/wp-content\/uploads\/2023\/10\/WhatsApp-Image-2023-10-31-at-18.29.50-1536x1152.jpeg 1536w, https:\/\/sites.uft.edu.br\/uma\/wp-content\/uploads\/2023\/10\/WhatsApp-Image-2023-10-31-at-18.29.50.jpeg 1600w\" sizes=\"(max-width: 525px) 100vw, 525px\" \/><figcaption id=\"caption-attachment-1428\" class=\"wp-caption-text\">J\u00e9ssica Ribeiro Martins, graduanda de psicologia, destacou como essa experi\u00eancia contribuir\u00e1 para sua forma\u00e7\u00e3o<\/figcaption><\/figure>\n<p>O acad\u00eamico da UMA, Francisco Pereira de Sousa, se divertiu bastante no baile. &#8220;\u00c9 um conjunto de emo\u00e7\u00f5es que nos transporta para uma esp\u00e9cie de m\u00e1quina do tempo, nos fazendo relembrar os anos que vivemos quando \u00e9ramos jovens. Ao interagir com a juventude de hoje, passamos a compreender como eles encaram a vida e como isso pode contribuir para termos uma melhor qualidade de vida. Estou adorando e espero que mais momentos como esse sejam realizados\u201d.<\/p>\n<p>&nbsp;<\/p>\n<figure id=\"attachment_1429\" aria-describedby=\"caption-attachment-1429\" style=\"width: 525px\" class=\"wp-caption aligncenter\"><img loading=\"lazy\" decoding=\"async\" class=\"wp-image-1429 size-large\" src=\"http:\/\/sites.uft.edu.br\/uma\/wp-content\/uploads\/2023\/10\/WhatsApp-Image-2023-10-31-at-18.30.16-1024x768.jpeg\" alt=\"\" width=\"525\" height=\"394\" srcset=\"https:\/\/sites.uft.edu.br\/uma\/wp-content\/uploads\/2023\/10\/WhatsApp-Image-2023-10-31-at-18.30.16-1024x768.jpeg 1024w, https:\/\/sites.uft.edu.br\/uma\/wp-content\/uploads\/2023\/10\/WhatsApp-Image-2023-10-31-at-18.30.16-300x225.jpeg 300w, https:\/\/sites.uft.edu.br\/uma\/wp-content\/uploads\/2023\/10\/WhatsApp-Image-2023-10-31-at-18.30.16-768x576.jpeg 768w, https:\/\/sites.uft.edu.br\/uma\/wp-content\/uploads\/2023\/10\/WhatsApp-Image-2023-10-31-at-18.30.16-1536x1152.jpeg 1536w, https:\/\/sites.uft.edu.br\/uma\/wp-content\/uploads\/2023\/10\/WhatsApp-Image-2023-10-31-at-18.30.16.jpeg 1600w\" sizes=\"(max-width: 525px) 100vw, 525px\" \/><figcaption id=\"caption-attachment-1429\" class=\"wp-caption-text\">Acad\u00eamico da UMA, Francisco Pereira de Sousa, se divertiu bastante no baile<\/figcaption><\/figure>\n","protected":false},"excerpt":{"rendered":"<p>A a\u00e7\u00e3o faz parte do Projeto Esta\u00e7\u00e3o Florescer, que visa aprofundar o conhecimento sobre o envelhecimento humano para combater o etarismo M\u00fasica, dan\u00e7a e discuss\u00f5es sobre as rela\u00e7\u00f5es entre jovens e idosos marcaram o &#8220;Baile das Gera\u00e7\u00f5es e Show de Talentos&#8221; realizado nesta ter\u00e7a-feira, 31, na Universidade da Maturidade (UMA), da Universidade Federal do Tocantins [&hellip;]<\/p>\n","protected":false},"author":2,"featured_media":1424,"comment_status":"closed","ping_status":"closed","sticky":false,"template":"","format":"link","meta":{"footnotes":""},"categories":[1],"tags":[],"_links":{"self":[{"href":"https:\/\/sites.uft.edu.br\/uma\/wp-json\/wp\/v2\/posts\/1423"}],"collection":[{"href":"https:\/\/sites.uft.edu.br\/uma\/wp-json\/wp\/v2\/posts"}],"about":[{"href":"https:\/\/sites.uft.edu.br\/uma\/wp-json\/wp\/v2\/types\/post"}],"author":[{"embeddable":true,"href":"https:\/\/sites.uft.edu.br\/uma\/wp-json\/wp\/v2\/users\/2"}],"replies":[{"embeddable":true,"href":"https:\/\/sites.uft.edu.br\/uma\/wp-json\/wp\/v2\/comments?post=1423"}],"version-history":[{"count":3,"href":"https:\/\/sites.uft.edu.br\/uma\/wp-json\/wp\/v2\/posts\/1423\/revisions"}],"predecessor-version":[{"id":1431,"href":"https:\/\/sites.uft.edu.br\/uma\/wp-json\/wp\/v2\/posts\/1423\/revisions\/1431"}],"wp:featuredmedia":[{"embeddable":true,"href":"https:\/\/sites.uft.edu.br\/uma\/wp-json\/wp\/v2\/media\/1424"}],"wp:attachment":[{"href":"https:\/\/sites.uft.edu.br\/uma\/wp-json\/wp\/v2\/media?parent=1423"}],"wp:term":[{"taxonomy":"category","embeddable":true,"href":"https:\/\/sites.uft.edu.br\/uma\/wp-json\/wp\/v2\/categories?post=1423"},{"taxonomy":"post_tag","embeddable":true,"href":"https:\/\/sites.uft.edu.br\/uma\/wp-json\/wp\/v2\/tags?post=1423"}],"curies":[{"name":"wp","href":"https:\/\/api.w.org\/{rel}","templated":true}]}}