{"id":1418,"date":"2023-10-24T23:19:35","date_gmt":"2023-10-25T02:19:35","guid":{"rendered":"https:\/\/sites.uft.edu.br\/uma\/?p=1418"},"modified":"2023-10-24T23:19:35","modified_gmt":"2023-10-25T02:19:35","slug":"universidade-da-maturidade-recebe-o-premio-darcy-ribeiro-de-educacao-2023","status":"publish","type":"post","link":"https:\/\/sites.uft.edu.br\/uma\/universidade-da-maturidade-recebe-o-premio-darcy-ribeiro-de-educacao-2023\/","title":{"rendered":"Universidade da Maturidade recebe o Pr\u00eamio Darcy Ribeiro de Educa\u00e7\u00e3o 2023"},"content":{"rendered":"<p><em>Cerim\u00f4nia de premia\u00e7\u00e3o ocorreu nesta ter\u00e7a-feira, 24, na C\u00e2mara dos Deputados, em Bras\u00edlia (DF)<\/em><\/p>\n<p>A Universidade da Maturidade (UMA), da Universidade Federal do Tocantins (UFT), recebeu nesta ter\u00e7a-feira, 24, o Pr\u00eamio Darcy Ribeiro de Educa\u00e7\u00e3o 2023, em cerim\u00f4nia realizada no Sal\u00e3o Nobre da C\u00e2mara dos Deputados, em Bras\u00edlia (DF). O pr\u00eamio, que \u00e9 promovido pela Comiss\u00e3o de Educa\u00e7\u00e3o, \u00e9 considerado um dos mais importantes do Brasil e consiste na concess\u00e3o de medalha e diploma de men\u00e7\u00e3o honrosa a entidades cujos trabalhos ou a\u00e7\u00f5es mereceram especial destaque na defesa e promo\u00e7\u00e3o da educa\u00e7\u00e3o no Brasil.<\/p>\n<p>O Coordenador da UMA, Luiz Sin\u00e9sio Neto, destacou a import\u00e2ncia da honraria. \u201cEsse pr\u00eamio representa a for\u00e7a, a coragem, a determina\u00e7\u00e3o e a import\u00e2ncia da integra\u00e7\u00e3o social, da mobiliza\u00e7\u00e3o social, da tecnologia social da Universidade da Maturidade nessa experi\u00eancia h\u00e1 17 anos. Esse reconhecimento refor\u00e7a e d\u00e1 esperan\u00e7a de continuarmos trilhando os caminhos delineados com muito carinho, com muita emo\u00e7\u00e3o, de forma afetiva, t\u00e9cnica, humanista, pensando que a educa\u00e7\u00e3o \u00e9 um direito de todas as idades\u201d, afirmou.<\/p>\n<p>A UMA concorreu por indica\u00e7\u00e3o do deputado federal Ricardo Ayres, que ressaltou o papel do projeto. \u201cA UMA \u00e9 premiada pelo seu papel significativo na educa\u00e7\u00e3o brasileira e por exemplificar nosso compromisso em ampliar a qualidade de vida dos idosos por meio de iniciativas inovadoras. Com essa indica\u00e7\u00e3o, endossamos um projeto pioneiro que merece ser disseminado pelo Brasil. Assumo o compromisso de fortalecer ainda mais este movimento\u201d.<\/p>\n<p>Do Tocantins, al\u00e9m dos coordenadores da UMA, Dra. Neila Os\u00f3rio e Dr. Luiz Sin\u00e9sio e dos acad\u00eamicos de todos os polos, tamb\u00e9m estiveram presentes na cerim\u00f4nia a primeira-dama, Karynne Sotero; os senadores, Professora Dorinha Seabra e Eduardo Gomes; os deputados federais, Ricardo Aires e Vicentinho J\u00fanior; os deputados estaduais, Fabion Gomes e Moisemar Marinho; o reitor em exerc\u00edcio da UFT, Marcelo Leineker; o reitor da Universidade Federal do Norte do Tocantins (UFNT), Airton Sieben; a promotora de Justi\u00e7a do MPTO, Cynthia Assis de Paula; o Juiz de Direito representante da Corregedoria-geral da Justi\u00e7a do Tocantins, Ari\u00f3stenis Guimar\u00e3es Vieira; o secret\u00e1rio de representa\u00e7\u00e3o do estado em Bras\u00edlia, Carlos Manzini; a fundadora e coordenadora da UMA, professora Dra. Neila Os\u00f3rio; e os ex-deputados, Nilmar Ruiz e Eduardo Siqueira Campos.<\/p>\n<p><strong>Quem foi Darcy Ribeiro<\/strong><\/p>\n<p>Antrop\u00f3logo, escritor e pol\u00edtico, Darcy Ribeiro foi um dos principais intelectuais brasileiros e o fundador da Universidade de Bras\u00edlia (UnB). Nascido em Montes Claros (MG) em 1922, formou-se na Escola de Sociologia e Pol\u00edtica da Universidade de S\u00e3o Paulo (USP) em 1946.<\/p>\n<p>Como etn\u00f3logo do Servi\u00e7o de Prote\u00e7\u00e3o ao \u00cdndio, passou per\u00edodos com v\u00e1rias tribos ind\u00edgenas. Ele foi ministro da Educa\u00e7\u00e3o (1962-1963) e chefe da Casa Civil da Presid\u00eancia da Rep\u00fablica (1963-1964). Como vice-governador do Rio de Janeiro (1983-1987), implementou os Centros Integrados de Ensino P\u00fablico (Ciep). De 1991 at\u00e9 seu falecimento em 1997, foi senador pelo Rio de Janeiro.<\/p>\n","protected":false},"excerpt":{"rendered":"<p>Cerim\u00f4nia de premia\u00e7\u00e3o ocorreu nesta ter\u00e7a-feira, 24, na C\u00e2mara dos Deputados, em Bras\u00edlia (DF) A Universidade da Maturidade (UMA), da Universidade Federal do Tocantins (UFT), recebeu nesta ter\u00e7a-feira, 24, o Pr\u00eamio Darcy Ribeiro de Educa\u00e7\u00e3o 2023, em cerim\u00f4nia realizada no Sal\u00e3o Nobre da C\u00e2mara dos Deputados, em Bras\u00edlia (DF). O pr\u00eamio, que \u00e9 promovido pela [&hellip;]<\/p>\n","protected":false},"author":2,"featured_media":1419,"comment_status":"closed","ping_status":"closed","sticky":false,"template":"","format":"standard","meta":{"footnotes":""},"categories":[1],"tags":[],"_links":{"self":[{"href":"https:\/\/sites.uft.edu.br\/uma\/wp-json\/wp\/v2\/posts\/1418"}],"collection":[{"href":"https:\/\/sites.uft.edu.br\/uma\/wp-json\/wp\/v2\/posts"}],"about":[{"href":"https:\/\/sites.uft.edu.br\/uma\/wp-json\/wp\/v2\/types\/post"}],"author":[{"embeddable":true,"href":"https:\/\/sites.uft.edu.br\/uma\/wp-json\/wp\/v2\/users\/2"}],"replies":[{"embeddable":true,"href":"https:\/\/sites.uft.edu.br\/uma\/wp-json\/wp\/v2\/comments?post=1418"}],"version-history":[{"count":2,"href":"https:\/\/sites.uft.edu.br\/uma\/wp-json\/wp\/v2\/posts\/1418\/revisions"}],"predecessor-version":[{"id":1421,"href":"https:\/\/sites.uft.edu.br\/uma\/wp-json\/wp\/v2\/posts\/1418\/revisions\/1421"}],"wp:featuredmedia":[{"embeddable":true,"href":"https:\/\/sites.uft.edu.br\/uma\/wp-json\/wp\/v2\/media\/1419"}],"wp:attachment":[{"href":"https:\/\/sites.uft.edu.br\/uma\/wp-json\/wp\/v2\/media?parent=1418"}],"wp:term":[{"taxonomy":"category","embeddable":true,"href":"https:\/\/sites.uft.edu.br\/uma\/wp-json\/wp\/v2\/categories?post=1418"},{"taxonomy":"post_tag","embeddable":true,"href":"https:\/\/sites.uft.edu.br\/uma\/wp-json\/wp\/v2\/tags?post=1418"}],"curies":[{"name":"wp","href":"https:\/\/api.w.org\/{rel}","templated":true}]}}