{"id":1412,"date":"2023-09-20T19:21:06","date_gmt":"2023-09-20T22:21:06","guid":{"rendered":"http:\/\/sites.uft.edu.br\/uma\/?p=1412"},"modified":"2023-09-20T19:21:06","modified_gmt":"2023-09-20T22:21:06","slug":"uma-e-abraz-tocantins-realizam-evento-em-alusao-ao-dia-mundial-da-conscientizacao-da-doenca-de-alzheimer","status":"publish","type":"post","link":"https:\/\/sites.uft.edu.br\/uma\/uma-e-abraz-tocantins-realizam-evento-em-alusao-ao-dia-mundial-da-conscientizacao-da-doenca-de-alzheimer\/","title":{"rendered":"UMA e Abraz Tocantins realizam evento em alus\u00e3o ao Dia Mundial da Conscientiza\u00e7\u00e3o da Doen\u00e7a de Alzheimer"},"content":{"rendered":"<p><em>O evento acontece nesta quinta-feira, 21, no audit\u00f3rio da Assembleia Legislativa<\/em><\/p>\n<p>A Universidade da Maturidade (UMA) e a Associa\u00e7\u00e3o Brasileira de Alzheimer (Abraz) regional Tocantins, realizam nesta quinta-feira, 21, em alus\u00e3o ao Dia Mundial da Conscientiza\u00e7\u00e3o da Doen\u00e7a de Alzheimer, a mesa-redonda &#8220;Abordagens Significativas sobre o Alzheimer&#8221;. O evento tem in\u00edcio \u00e0s 8h, no audit\u00f3rio da Assembleia Legislativa do Tocantins e conta com apresenta\u00e7\u00e3o cultural de acad\u00eamicos da UMA polo de Palmas.<\/p>\n<p>A mesa-redonda abordar\u00e1 os seguintes temas: \u201cNovas pesquisas da doen\u00e7a de Alzheimer\u201d, com a m\u00e9dica geriatra Etiene Ribeiro de Almeida; \u201cExerc\u00edcio f\u00edsico na fase pr\u00e9-cl\u00ednica e leve da doen\u00e7a de Alzheimer\u201d, com o Dr. Luiz Sin\u00e9sio Neto, coordenador da UMA e pesquisador na \u00e1rea do envelhecimento humano; e \u201cA doen\u00e7a de Alzheimer e os reflexos jur\u00eddicos\u201d, com o advogado Victor Hugo Figueir\u00f3.<\/p>\n<p>Neto ressaltou que sua palestra tem o objetivo de mostrar para a comunidade a import\u00e2ncia do exerc\u00edcio f\u00edsico para preven\u00e7\u00e3o da doen\u00e7a. \u201cA literatura cient\u00edfica tem demonstrado que a falta de atividade f\u00edsica \u00e9 um fator de risco para o desenvolvimento da dem\u00eancia de Alzheimer. Enquanto a pr\u00e1tica com prescri\u00e7\u00e3o segura e adequada, pode ser um fator de prote\u00e7\u00e3o tanto na preven\u00e7\u00e3o quanto no tratamento em todas as fases da dem\u00eancia.&#8221;<\/p>\n<p><strong>Dia Mundial da Conscientiza\u00e7\u00e3o da Doen\u00e7a de Alzheimer<\/strong><\/p>\n<p>O dia 21 de setembro foi escolhido pela Associa\u00e7\u00e3o Internacional do Alzheimer como o Dia Mundial de Conscientiza\u00e7\u00e3o da Doen\u00e7a de Alzheimer, com o objetivo de fortalecer a divulga\u00e7\u00e3o de informa\u00e7\u00f5es sobre os principais sintomas, formas de tratamento e aconselhamento para os familiares dos pacientes.<\/p>\n<p>&nbsp;<\/p>\n","protected":false},"excerpt":{"rendered":"<p>O evento acontece nesta quinta-feira, 21, no audit\u00f3rio da Assembleia Legislativa A Universidade da Maturidade (UMA) e a Associa\u00e7\u00e3o Brasileira de Alzheimer (Abraz) regional Tocantins, realizam nesta quinta-feira, 21, em alus\u00e3o ao Dia Mundial da Conscientiza\u00e7\u00e3o da Doen\u00e7a de Alzheimer, a mesa-redonda &#8220;Abordagens Significativas sobre o Alzheimer&#8221;. O evento tem in\u00edcio \u00e0s 8h, no audit\u00f3rio [&hellip;]<\/p>\n","protected":false},"author":2,"featured_media":1413,"comment_status":"closed","ping_status":"closed","sticky":false,"template":"","format":"standard","meta":{"footnotes":""},"categories":[1],"tags":[],"_links":{"self":[{"href":"https:\/\/sites.uft.edu.br\/uma\/wp-json\/wp\/v2\/posts\/1412"}],"collection":[{"href":"https:\/\/sites.uft.edu.br\/uma\/wp-json\/wp\/v2\/posts"}],"about":[{"href":"https:\/\/sites.uft.edu.br\/uma\/wp-json\/wp\/v2\/types\/post"}],"author":[{"embeddable":true,"href":"https:\/\/sites.uft.edu.br\/uma\/wp-json\/wp\/v2\/users\/2"}],"replies":[{"embeddable":true,"href":"https:\/\/sites.uft.edu.br\/uma\/wp-json\/wp\/v2\/comments?post=1412"}],"version-history":[{"count":1,"href":"https:\/\/sites.uft.edu.br\/uma\/wp-json\/wp\/v2\/posts\/1412\/revisions"}],"predecessor-version":[{"id":1414,"href":"https:\/\/sites.uft.edu.br\/uma\/wp-json\/wp\/v2\/posts\/1412\/revisions\/1414"}],"wp:featuredmedia":[{"embeddable":true,"href":"https:\/\/sites.uft.edu.br\/uma\/wp-json\/wp\/v2\/media\/1413"}],"wp:attachment":[{"href":"https:\/\/sites.uft.edu.br\/uma\/wp-json\/wp\/v2\/media?parent=1412"}],"wp:term":[{"taxonomy":"category","embeddable":true,"href":"https:\/\/sites.uft.edu.br\/uma\/wp-json\/wp\/v2\/categories?post=1412"},{"taxonomy":"post_tag","embeddable":true,"href":"https:\/\/sites.uft.edu.br\/uma\/wp-json\/wp\/v2\/tags?post=1412"}],"curies":[{"name":"wp","href":"https:\/\/api.w.org\/{rel}","templated":true}]}}