{"id":1373,"date":"2023-08-09T14:49:42","date_gmt":"2023-08-09T17:49:42","guid":{"rendered":"http:\/\/sites.uft.edu.br\/uma\/?p=1373"},"modified":"2023-08-09T14:49:42","modified_gmt":"2023-08-09T17:49:42","slug":"universidade-da-maturidade-vence-premio-darcy-ribeiro-de-educacao-2023","status":"publish","type":"post","link":"https:\/\/sites.uft.edu.br\/uma\/universidade-da-maturidade-vence-premio-darcy-ribeiro-de-educacao-2023\/","title":{"rendered":"Universidade da Maturidade vence Pr\u00eamio Darcy Ribeiro de Educa\u00e7\u00e3o 2023"},"content":{"rendered":"<p><em>A cerim\u00f4nia de entrega do Pr\u00eamio ocorrer\u00e1 em 24 de outubro<\/em><\/p>\n<p>A Universidade da Maturidade (UMA), da Universidade Federal do Tocantins (UFT), \u00e9 tr\u00eas vencedoras do Pr\u00eamio Darcy Ribeiro de Educa\u00e7\u00e3o 2023. O an\u00fancio foi feito nesta quarta-feira, 9, pela Comiss\u00e3o de Educa\u00e7\u00e3o da C\u00e2mara dos Deputados. A UMA concorreu por indica\u00e7\u00e3o do deputado federal Ricardo Ayres. Tamb\u00e9m foram vencedores o Governo do Estado de Alagoas e a Escola Especial Favo de Mel (RJ).<\/p>\n<p>O pr\u00eamio \u00e9 conferido anualmente pela Comiss\u00e3o de Educa\u00e7\u00e3o e pela Mesa Diretora , a tr\u00eas indiv\u00edduos ou entidades cujos trabalhos ou a\u00e7\u00f5es merecem destaque na defesa e promo\u00e7\u00e3o da educa\u00e7\u00e3o no Brasil. A cerim\u00f4nia de entrega do Pr\u00eamio ocorrer\u00e1 em 24 de outubro.<\/p>\n<p>Emocionado o coordenador da UMA, Luiz Sin\u00e9sio Neto, expressou sua alegria ao ver o projeto tocantinense sendo reconhecido a n\u00edvel nacional. \u201c\u00c9 uma emo\u00e7\u00e3o imensa. \u00c9 gratificante celebrar essa vit\u00f3ria, que n\u00e3o pertence somente a n\u00f3s, mas sim a todos os mais de seis mil e quinhentos idosos que j\u00e1 se formaram na UMA, bem como a todo o Tocantins, que foi pioneiro na promo\u00e7\u00e3o da inclus\u00e3o e desenvolvimento social por meio da educa\u00e7\u00e3o\u201d, afirmou.<\/p>\n<p>O deputado federal Ricardo Ayres, autor da indica\u00e7\u00e3o e titular da Comiss\u00e3o de Educa\u00e7\u00e3o, enfatizou a relev\u00e2ncia de organiza\u00e7\u00f5es como a UMA, que valorizam e fomentam a inclus\u00e3o das pessoas idosas no processo educacional, contribuindo para uma sociedade mais justa e consciente. \u201cA conquista da Universidade da Maturidade do Pr\u00eamio Darcy Ribeiro \u00e9 um reconhecimento not\u00e1vel do trabalho excepcional realizado pela institui\u00e7\u00e3o e do impacto positivo que exerce no Tocantins. A UMA tem se destacado como um modelo inspirador para outras institui\u00e7\u00f5es educacionais voltadas para a terceira idade, demonstrando que \u00e9 poss\u00edvel proporcionar educa\u00e7\u00e3o de qualidade em todas as fases da vida&#8221;.<\/p>\n<p><strong>Uni\u00e3o da bancada<\/strong><\/p>\n<p>A bancada do Tocantins na Comiss\u00e3o de Educa\u00e7\u00e3o teve um papel fundamental na vit\u00f3ria da UMA, que, al\u00e9m da atua\u00e7\u00e3o de Ayres, contou com o esfor\u00e7o e apoio da senadora Professora Dorinha, que presidiu o colegiado na C\u00e2mara, e dos deputados Carlos Gaguim e Eli Borges.<\/p>\n<p>\u201cA UMA \u00e9 um projeto inovador que \u00e9 exemplo de inclus\u00e3o. Enfrenta o desafio de criar um espa\u00e7o institucional para o trabalho com as pessoas idosas. Estamos em constante aprendizado e o maior desafio de um pa\u00eds como o Brasil, que encara um processo de envelhecimento da popula\u00e7\u00e3o cada vez mais avan\u00e7ado, \u00e9 proporcionar um ambiente para forma\u00e7\u00e3o, atendimento, qualifica\u00e7\u00e3o e relacionamento. Parab\u00e9ns a todos da UMA por esse reconhecimento do trabalho\u201d, elogiou a senadora Professora Dorinha.<\/p>\n<p><strong>Quem foi Darcy Ribeiro<\/strong><\/p>\n<p>Antrop\u00f3logo, escritor e pol\u00edtico, Darcy Ribeiro foi um dos principais intelectuais brasileiros e o fundador da Universidade de Bras\u00edlia (UnB). Nascido em Montes Claros (MG) em 1922, formou-se na Escola de Sociologia e Pol\u00edtica da Universidade de S\u00e3o Paulo (USP) em 1946.<\/p>\n<p>Como etn\u00f3logo do Servi\u00e7o de Prote\u00e7\u00e3o ao \u00cdndio, passou per\u00edodos com v\u00e1rias tribos ind\u00edgenas. Ele foi ministro da Educa\u00e7\u00e3o (1962-1963) e chefe da Casa Civil da Presid\u00eancia da Rep\u00fablica (1963-1964). Como vice-governador do Rio de Janeiro (1983-1987), implementou os Centros Integrados de Ensino P\u00fablico (Ciep). De 1991 at\u00e9 seu falecimento em 1997, foi senador pelo Rio de Janeiro.<\/p>\n","protected":false},"excerpt":{"rendered":"<p>A cerim\u00f4nia de entrega do Pr\u00eamio ocorrer\u00e1 em 24 de outubro A Universidade da Maturidade (UMA), da Universidade Federal do Tocantins (UFT), \u00e9 tr\u00eas vencedoras do Pr\u00eamio Darcy Ribeiro de Educa\u00e7\u00e3o 2023. O an\u00fancio foi feito nesta quarta-feira, 9, pela Comiss\u00e3o de Educa\u00e7\u00e3o da C\u00e2mara dos Deputados. A UMA concorreu por indica\u00e7\u00e3o do deputado federal [&hellip;]<\/p>\n","protected":false},"author":2,"featured_media":1374,"comment_status":"closed","ping_status":"closed","sticky":false,"template":"","format":"standard","meta":{"footnotes":""},"categories":[1],"tags":[],"_links":{"self":[{"href":"https:\/\/sites.uft.edu.br\/uma\/wp-json\/wp\/v2\/posts\/1373"}],"collection":[{"href":"https:\/\/sites.uft.edu.br\/uma\/wp-json\/wp\/v2\/posts"}],"about":[{"href":"https:\/\/sites.uft.edu.br\/uma\/wp-json\/wp\/v2\/types\/post"}],"author":[{"embeddable":true,"href":"https:\/\/sites.uft.edu.br\/uma\/wp-json\/wp\/v2\/users\/2"}],"replies":[{"embeddable":true,"href":"https:\/\/sites.uft.edu.br\/uma\/wp-json\/wp\/v2\/comments?post=1373"}],"version-history":[{"count":2,"href":"https:\/\/sites.uft.edu.br\/uma\/wp-json\/wp\/v2\/posts\/1373\/revisions"}],"predecessor-version":[{"id":1376,"href":"https:\/\/sites.uft.edu.br\/uma\/wp-json\/wp\/v2\/posts\/1373\/revisions\/1376"}],"wp:featuredmedia":[{"embeddable":true,"href":"https:\/\/sites.uft.edu.br\/uma\/wp-json\/wp\/v2\/media\/1374"}],"wp:attachment":[{"href":"https:\/\/sites.uft.edu.br\/uma\/wp-json\/wp\/v2\/media?parent=1373"}],"wp:term":[{"taxonomy":"category","embeddable":true,"href":"https:\/\/sites.uft.edu.br\/uma\/wp-json\/wp\/v2\/categories?post=1373"},{"taxonomy":"post_tag","embeddable":true,"href":"https:\/\/sites.uft.edu.br\/uma\/wp-json\/wp\/v2\/tags?post=1373"}],"curies":[{"name":"wp","href":"https:\/\/api.w.org\/{rel}","templated":true}]}}