{"id":1370,"date":"2023-07-24T11:02:35","date_gmt":"2023-07-24T14:02:35","guid":{"rendered":"http:\/\/sites.uft.edu.br\/uma\/?p=1370"},"modified":"2023-07-24T11:02:35","modified_gmt":"2023-07-24T14:02:35","slug":"universidade-da-maturidade-realiza-colacao-de-grau-de-54-academicos-do-polo-de-palmas","status":"publish","type":"post","link":"https:\/\/sites.uft.edu.br\/uma\/universidade-da-maturidade-realiza-colacao-de-grau-de-54-academicos-do-polo-de-palmas\/","title":{"rendered":"Universidade da Maturidade realiza cola\u00e7\u00e3o de grau de 54 acad\u00eamicos do Polo de Palmas"},"content":{"rendered":"<blockquote><p><i>Cerim\u00f4nia marca as comemora\u00e7\u00f5es do Dia dos Av\u00f3s, celebrado anualmente em 26 de julho<\/i><\/p>\n<p>A Universidade da Maturidade (UMA), da Universidade Federal do Tocantins (UFT), realizar\u00e1 nesta semana as festividades de formatura de 54 acad\u00eamicos do polo de Palmas. A programa\u00e7\u00e3o, que ser\u00e1 marcada por momentos emocionantes e significativos para os formandos, seus familiares e toda a comunidade acad\u00eamica, marcar\u00e1 as comemora\u00e7\u00f5es do Dia do Av\u00f3s, celebrado anualmente em 26 de julho.<\/p>\n<p>As festividades ter\u00e3o in\u00edcio nesta segunda-feira, 24, com a tradicional &#8220;Aula da Saudade&#8221;. O evento ser\u00e1 realizado no pr\u00e9dio da institui\u00e7\u00e3o, no C\u00e2mpus Palmas da UFT. Na ocasi\u00e3o, os formandos, juntamente com professores, ter\u00e3o a oportunidade de relembrar momentos marcantes de sua jornada acad\u00eamica, compartilhando mem\u00f3rias e experi\u00eancias que enriqueceram essa etapa de suas vidas.<\/p>\n<p>J\u00e1 na ter\u00e7a-feira, 25, \u00e0s 19h30, est\u00e1 programado o culto ecum\u00eanico no audit\u00f3rio do Pal\u00e1cio Araguaia Governador Jos\u00e9 Wilson Siqueira Campos. Esse momento solene de reflex\u00e3o e uni\u00e3o espiritual proporcionar\u00e1 aos formandos um espa\u00e7o para agradecimentos, preces e b\u00ean\u00e7\u00e3os, fortalecendo seus la\u00e7os com a f\u00e9 e os valores que permearam suas trajet\u00f3rias educacionais.<\/p>\n<p>A cerim\u00f4nia de formatura, que acontecer\u00e1 na pr\u00f3xima quarta-feira, 26, ser\u00e1 um momento de celebra\u00e7\u00e3o e reconhecimento. Durante a solenidade, os formandos receber\u00e3o o grau de &#8220;Educador Pol\u00edtico Social do Envelhecimento Humano&#8221;. A cerim\u00f4nia acontecer\u00e1 no Centro Integrado de Ci\u00eancias, Cultura e Arte (CUICA) da UFT e reunir\u00e1 autoridades acad\u00eamicas, federais, estaduais e municipais.<\/p>\n<p>O coordenador da UMA, Dr. Luiz Sin\u00e9sio Neto, destaca que \u201ca UMA tem sido uma fonte de aprendizado, crescimento pessoal e inspira\u00e7\u00e3o para seus estudantes. Neste evento de formatura, os acad\u00eamicos celebrar\u00e3o n\u00e3o apenas a conclus\u00e3o de uma etapa, mas tamb\u00e9m a concretiza\u00e7\u00e3o de sonhos e a supera\u00e7\u00e3o de desafios\u201d.<\/p><\/blockquote>\n","protected":false},"excerpt":{"rendered":"<p>Cerim\u00f4nia marca as comemora\u00e7\u00f5es do Dia dos Av\u00f3s, celebrado anualmente em 26 de julho A Universidade da Maturidade (UMA), da Universidade Federal do Tocantins (UFT), realizar\u00e1 nesta semana as festividades de formatura de 54 acad\u00eamicos do polo de Palmas. A programa\u00e7\u00e3o, que ser\u00e1 marcada por momentos emocionantes e significativos para os formandos, seus familiares e [&hellip;]<\/p>\n","protected":false},"author":2,"featured_media":1371,"comment_status":"closed","ping_status":"closed","sticky":false,"template":"","format":"standard","meta":{"footnotes":""},"categories":[1],"tags":[],"_links":{"self":[{"href":"https:\/\/sites.uft.edu.br\/uma\/wp-json\/wp\/v2\/posts\/1370"}],"collection":[{"href":"https:\/\/sites.uft.edu.br\/uma\/wp-json\/wp\/v2\/posts"}],"about":[{"href":"https:\/\/sites.uft.edu.br\/uma\/wp-json\/wp\/v2\/types\/post"}],"author":[{"embeddable":true,"href":"https:\/\/sites.uft.edu.br\/uma\/wp-json\/wp\/v2\/users\/2"}],"replies":[{"embeddable":true,"href":"https:\/\/sites.uft.edu.br\/uma\/wp-json\/wp\/v2\/comments?post=1370"}],"version-history":[{"count":1,"href":"https:\/\/sites.uft.edu.br\/uma\/wp-json\/wp\/v2\/posts\/1370\/revisions"}],"predecessor-version":[{"id":1372,"href":"https:\/\/sites.uft.edu.br\/uma\/wp-json\/wp\/v2\/posts\/1370\/revisions\/1372"}],"wp:featuredmedia":[{"embeddable":true,"href":"https:\/\/sites.uft.edu.br\/uma\/wp-json\/wp\/v2\/media\/1371"}],"wp:attachment":[{"href":"https:\/\/sites.uft.edu.br\/uma\/wp-json\/wp\/v2\/media?parent=1370"}],"wp:term":[{"taxonomy":"category","embeddable":true,"href":"https:\/\/sites.uft.edu.br\/uma\/wp-json\/wp\/v2\/categories?post=1370"},{"taxonomy":"post_tag","embeddable":true,"href":"https:\/\/sites.uft.edu.br\/uma\/wp-json\/wp\/v2\/tags?post=1370"}],"curies":[{"name":"wp","href":"https:\/\/api.w.org\/{rel}","templated":true}]}}