{"id":1363,"date":"2023-06-15T20:29:26","date_gmt":"2023-06-15T23:29:26","guid":{"rendered":"http:\/\/sites.uft.edu.br\/uma\/?p=1363"},"modified":"2023-06-21T20:34:43","modified_gmt":"2023-06-21T23:34:43","slug":"uma-uems-promove-evento-em-celebracao-ao-mes-de-conscientizacao-e-combate-a-violencia-contra-pessoas-idosas","status":"publish","type":"post","link":"https:\/\/sites.uft.edu.br\/uma\/uma-uems-promove-evento-em-celebracao-ao-mes-de-conscientizacao-e-combate-a-violencia-contra-pessoas-idosas\/","title":{"rendered":"UMA\/UEMS promove evento em celebra\u00e7\u00e3o ao m\u00eas de conscientiza\u00e7\u00e3o e combate \u00e0 viol\u00eancia contra pessoas idosas"},"content":{"rendered":"<div class=\"col-lg-9 mt-4\">\n<div class=\"card\">\n<div class=\"card-body\">\n<div class=\"ck-content\">\n<p>Universidade da Maturidade (UMA\/UEMS) e UEMS\/Campo Grande promovem ciclo de palestras em celebra\u00e7\u00e3o \u00e0 campanha do Junho Prata, m\u00eas dedicado \u00e0 conscientiza\u00e7\u00e3o e combate \u00e0 viol\u00eancia contra pessoas idosas.<\/p>\n<p>O evento ser\u00e1 transmitido ao vivo no canal da UMA no YouTube (https:\/\/www.youtube.com\/@umauft) e acontece de 26 a 28 de junho, no Anfiteatro do bloco A, no per\u00edodo da manh\u00e3. As palestras s\u00e3o dedicadas a falar sobre o envelhecimento saud\u00e1vel e a import\u00e2ncia da inclus\u00e3o da pessoa idosa. No dia 30 ser\u00e1 realizada Visita t\u00e9cnica ao espa\u00e7o &#8220;Cidade Escola de Tr\u00e2nsito&#8221; &#8211; DETRAN\/MS.<br \/>\n<strong>Acompanhe a agenda aqui:<\/strong><\/p>\n<p>Dia 26\/06 das 09h \u00e0s 11h<br \/>\nEnvelhecimento saud\u00e1vel &#8211; Prof. Dr. Lu\u00eds Sin\u00e9sio Neto da UMA\/UFT (Coordena\u00e7\u00e3o Nacional UMA\/UFT)<\/p>\n<p>Media\u00e7\u00e3o: K\u00e1tia Juliane<\/p>\n<p>Dia 27\/06 das 09h \u00e0s 11h<br \/>\nPol\u00edticas P\u00fablicas para Pessoas Idosas &#8211; Sra. Zirleide Barbosa (SubIdosos\/SETESCC)<br \/>\nTecnologia Social e Inclus\u00e3o da Pessoa Idosa &#8211; Profa. Dra. Celi Corr\u00eaa Neres (Vice-reitota da UEMS)<\/p>\n<p>Media\u00e7\u00e3o: Leila Machado<\/p>\n<p>Dia 28\/06 das 09h \u00e0s 11h<br \/>\nEduca\u00e7\u00e3o Intergeracional e Tecnologia Social<br \/>\nProf. Dr. Djanires Neto (Gerente da Unidade Campo Grande e Coordenador da UMA\/ UEMS)<br \/>\nProf. Me. Alan Silus (Professor Colaborador UEMS)<\/p>\n<p>Media\u00e7\u00e3o: Raquel Zottos<\/p>\n<p>Dia 30\/06<br \/>\nVisita t\u00e9cnica ao espa\u00e7o &#8220;Cidade Escola de Tr\u00e2nsito&#8221; &#8211; DETRAN\/MS<br \/>\nTurma Matutino &#8211; Hor\u00e1rio: 9h \u00e0s 10h30<br \/>\nTurma Vespertino &#8211; Hor\u00e1rio: 13h30 \u00e0s 15h<\/p>\n<p>Os debates ser\u00e3o abertos a toda comunidade. Fa\u00e7a sua inscri\u00e7\u00e3o pelo link\u00a0<a href=\"https:\/\/www.even3.com.br\/congresso-uma-ums\/\">https:\/\/www.even3.com.br\/congresso-uma-ums\/<\/a><\/p>\n<\/div>\n<p>Por:Gisleine Rodrigues &#8211; ASCOM\/UEMS<\/p>\n<\/div>\n<\/div>\n<\/div>\n<aside class=\"col-lg-3 mt-4\">\n<div class=\"widget\"><\/div>\n<\/aside>\n","protected":false},"excerpt":{"rendered":"<p>Universidade da Maturidade (UMA\/UEMS) e UEMS\/Campo Grande promovem ciclo de palestras em celebra\u00e7\u00e3o \u00e0 campanha do Junho Prata, m\u00eas dedicado \u00e0 conscientiza\u00e7\u00e3o e combate \u00e0 viol\u00eancia contra pessoas idosas. O evento ser\u00e1 transmitido ao vivo no canal da UMA no YouTube (https:\/\/www.youtube.com\/@umauft) e acontece de 26 a 28 de junho, no Anfiteatro do bloco A, [&hellip;]<\/p>\n","protected":false},"author":2,"featured_media":1364,"comment_status":"closed","ping_status":"closed","sticky":false,"template":"","format":"standard","meta":{"footnotes":""},"categories":[1],"tags":[],"_links":{"self":[{"href":"https:\/\/sites.uft.edu.br\/uma\/wp-json\/wp\/v2\/posts\/1363"}],"collection":[{"href":"https:\/\/sites.uft.edu.br\/uma\/wp-json\/wp\/v2\/posts"}],"about":[{"href":"https:\/\/sites.uft.edu.br\/uma\/wp-json\/wp\/v2\/types\/post"}],"author":[{"embeddable":true,"href":"https:\/\/sites.uft.edu.br\/uma\/wp-json\/wp\/v2\/users\/2"}],"replies":[{"embeddable":true,"href":"https:\/\/sites.uft.edu.br\/uma\/wp-json\/wp\/v2\/comments?post=1363"}],"version-history":[{"count":1,"href":"https:\/\/sites.uft.edu.br\/uma\/wp-json\/wp\/v2\/posts\/1363\/revisions"}],"predecessor-version":[{"id":1365,"href":"https:\/\/sites.uft.edu.br\/uma\/wp-json\/wp\/v2\/posts\/1363\/revisions\/1365"}],"wp:featuredmedia":[{"embeddable":true,"href":"https:\/\/sites.uft.edu.br\/uma\/wp-json\/wp\/v2\/media\/1364"}],"wp:attachment":[{"href":"https:\/\/sites.uft.edu.br\/uma\/wp-json\/wp\/v2\/media?parent=1363"}],"wp:term":[{"taxonomy":"category","embeddable":true,"href":"https:\/\/sites.uft.edu.br\/uma\/wp-json\/wp\/v2\/categories?post=1363"},{"taxonomy":"post_tag","embeddable":true,"href":"https:\/\/sites.uft.edu.br\/uma\/wp-json\/wp\/v2\/tags?post=1363"}],"curies":[{"name":"wp","href":"https:\/\/api.w.org\/{rel}","templated":true}]}}