{"id":1359,"date":"2023-06-15T10:57:45","date_gmt":"2023-06-15T13:57:45","guid":{"rendered":"http:\/\/sites.uft.edu.br\/uma\/?p=1359"},"modified":"2023-06-16T11:01:00","modified_gmt":"2023-06-16T14:01:00","slug":"dia-mundial-de-conscientizacao-da-violencia-contra-a-pessoa-idosa-a-importancia-de-cuidar-de-nossos-idosos","status":"publish","type":"post","link":"https:\/\/sites.uft.edu.br\/uma\/dia-mundial-de-conscientizacao-da-violencia-contra-a-pessoa-idosa-a-importancia-de-cuidar-de-nossos-idosos\/","title":{"rendered":"Dia mundial de conscientiza\u00e7\u00e3o da viol\u00eancia contra a pessoa idosa: a import\u00e2ncia de cuidar de nossos idosos"},"content":{"rendered":"<p>Nesta quinta-feira, 15 de junho, \u00e9 o Dia Mundial da Conscientiza\u00e7\u00e3o da Viol\u00eancia Contra a Pessoa Idosa. A data foi reconhecida oficialmente pela Assembleia Geral das Na\u00e7\u00f5es Unidas em 2011, ap\u00f3s solicita\u00e7\u00e3o da Rede Internacional de Preven\u00e7\u00e3o ao Abuso de Idosos (INPEA), que estabeleceu a comemora\u00e7\u00e3o em junho de 2006.<\/p>\n<p>Essa data \u00e9 dedicada a chamar a aten\u00e7\u00e3o para um problema social global: a viol\u00eancia contra os idosos. Ela pode se manifestar de diversas formas, incluindo abuso f\u00edsico, emocional, financeiro e neglig\u00eancia. E ocorre em qualquer relacionamento em que exista uma expectativa de confian\u00e7a e causa danos e sofrimento aos idosos.<\/p>\n<p>&#8220;\u00c9 muito importante conscientizar a sociedade sobre quest\u00f5es como essa. Nunca sofri viol\u00eancia, mas conhe\u00e7o casos pr\u00f3ximos e vejo nos notici\u00e1rios di\u00e1rios a viol\u00eancia contra os idosos. Uma dica que dou para as pessoas idosas, assim como eu, \u00e9 buscar conhecer nossos direitos e denunciar qualquer tipo de viol\u00eancia que sofrermos. Merecemos ser felizes e viver com dignidade&#8221;, diz\u00a0Lea Maria Antunes Marinho, 68 anos, acad\u00eamica da UMA polo de Palmas.<\/p>\n<p>O Dia Mundial da Conscientiza\u00e7\u00e3o da Viol\u00eancia contra a Pessoa Idosa nos lembra da import\u00e2ncia de agir em prol da prote\u00e7\u00e3o e do bem-estar dos idosos. \u00c9 uma chamada para que cada um de n\u00f3s assuma a responsabilidade de cuidar dos nossos idosos e promover uma mudan\u00e7a positiva em nossa sociedade.<\/p>\n","protected":false},"excerpt":{"rendered":"<p>Nesta quinta-feira, 15 de junho, \u00e9 o Dia Mundial da Conscientiza\u00e7\u00e3o da Viol\u00eancia Contra a Pessoa Idosa. A data foi reconhecida oficialmente pela Assembleia Geral das Na\u00e7\u00f5es Unidas em 2011, ap\u00f3s solicita\u00e7\u00e3o da Rede Internacional de Preven\u00e7\u00e3o ao Abuso de Idosos (INPEA), que estabeleceu a comemora\u00e7\u00e3o em junho de 2006. Essa data \u00e9 dedicada a [&hellip;]<\/p>\n","protected":false},"author":2,"featured_media":1360,"comment_status":"closed","ping_status":"closed","sticky":false,"template":"","format":"standard","meta":{"footnotes":""},"categories":[1],"tags":[],"_links":{"self":[{"href":"https:\/\/sites.uft.edu.br\/uma\/wp-json\/wp\/v2\/posts\/1359"}],"collection":[{"href":"https:\/\/sites.uft.edu.br\/uma\/wp-json\/wp\/v2\/posts"}],"about":[{"href":"https:\/\/sites.uft.edu.br\/uma\/wp-json\/wp\/v2\/types\/post"}],"author":[{"embeddable":true,"href":"https:\/\/sites.uft.edu.br\/uma\/wp-json\/wp\/v2\/users\/2"}],"replies":[{"embeddable":true,"href":"https:\/\/sites.uft.edu.br\/uma\/wp-json\/wp\/v2\/comments?post=1359"}],"version-history":[{"count":2,"href":"https:\/\/sites.uft.edu.br\/uma\/wp-json\/wp\/v2\/posts\/1359\/revisions"}],"predecessor-version":[{"id":1362,"href":"https:\/\/sites.uft.edu.br\/uma\/wp-json\/wp\/v2\/posts\/1359\/revisions\/1362"}],"wp:featuredmedia":[{"embeddable":true,"href":"https:\/\/sites.uft.edu.br\/uma\/wp-json\/wp\/v2\/media\/1360"}],"wp:attachment":[{"href":"https:\/\/sites.uft.edu.br\/uma\/wp-json\/wp\/v2\/media?parent=1359"}],"wp:term":[{"taxonomy":"category","embeddable":true,"href":"https:\/\/sites.uft.edu.br\/uma\/wp-json\/wp\/v2\/categories?post=1359"},{"taxonomy":"post_tag","embeddable":true,"href":"https:\/\/sites.uft.edu.br\/uma\/wp-json\/wp\/v2\/tags?post=1359"}],"curies":[{"name":"wp","href":"https:\/\/api.w.org\/{rel}","templated":true}]}}