{"id":1350,"date":"2023-06-01T09:18:55","date_gmt":"2023-06-01T12:18:55","guid":{"rendered":"http:\/\/sites.uft.edu.br\/uma\/?p=1350"},"modified":"2023-06-01T09:52:44","modified_gmt":"2023-06-01T12:52:44","slug":"uma-e-liga-academica-de-geriatria-e-gerontologia-da-uft-realizam-nesta-sexta-feira-mais-uma-edicao-do-arraia-intergeracional","status":"publish","type":"post","link":"https:\/\/sites.uft.edu.br\/uma\/uma-e-liga-academica-de-geriatria-e-gerontologia-da-uft-realizam-nesta-sexta-feira-mais-uma-edicao-do-arraia-intergeracional\/","title":{"rendered":"UMA e Liga Acad\u00eamica de Geriatria e Gerontologia da UFT realizam nesta sexta-feira mais uma edi\u00e7\u00e3o do Arrai\u00e1 Intergeracional"},"content":{"rendered":"<p><em>O evento re\u00fane idosos e jovens universit\u00e1rios em uma festa de alegria e amor<\/em><\/p>\n<p>A Universidade da Maturidade (UMA), da Universidade Federal do Tocantins (UFT), e a Liga Acad\u00eamica de Geriatria e Gerontologia (LAGG) realizam nesta sexta-feira, 02, a partir das 17h, no terra\u00e7o da reitoria no C\u00e2mpus Palmas da UFT, o tradicional Arrai\u00e1 da UMA\/LAGG. O evento re\u00fane idosos e jovens universit\u00e1rios em uma festa de alegria e amor.<\/p>\n<p>O Arrai\u00e1 contar\u00e1 com barracas de comidas t\u00edpicas, apresenta\u00e7\u00e3o de dan\u00e7a, quadrilha intergeracional, casamento na ro\u00e7a, desfile do rei e da rainha do milho, jogos e a participa\u00e7\u00e3o especial da bateria da Atl\u00e9tica Absoluta do curso de medicina da UFT. O objetivo \u00e9 promover a integra\u00e7\u00e3o entre idosos e jovens universit\u00e1rios em uma festa animada e cheia de tradi\u00e7\u00f5es juninas, al\u00e9m de angariar recursos para pr\u00f3ximas a\u00e7\u00f5es da liga e tamb\u00e9m para contribuir no custeio da formatura dos acad\u00eamicos da UMA.<\/p>\n<p>A presidente da Liga, Rita de C\u00e1ssia da Mata Lima, destaca que o Arrai\u00e1 da LAGG\/UMA \u00e9 um evento de extrema import\u00e2ncia para a comunidade em geral, tendo em vista que por meio dele \u00e9 oferecida qualidade de vida, sa\u00fade f\u00edsica e mental para a pessoa idosa. &#8220;Um dos principais focos desse evento \u00e9 fazer com que a pessoa idosa se sinta inclu\u00edda em todas as tradi\u00e7\u00f5es e deixar claro que ela pode ocupar os mais diversos espa\u00e7os. Al\u00e9m disso, nosso evento \u00e9 intergeracional, pois estabelecer\u00e1 um contato harmonioso entre jovens e idosos, tornando um ambiente l\u00fadico de muitas trocas e aprendizados&#8221;.<\/p>\n<p>O professor Luiz Sin\u00e9sio Neto, coordenador da UMA e orientador da LAGG, tamb\u00e9m enfatiza a import\u00e2ncia do Arrai\u00e1 da Maturidade como uma oportunidade de fortalecer os la\u00e7os entre as diferentes gera\u00e7\u00f5es e promover um envelhecimento ativo e saud\u00e1vel. &#8220;O evento \u00e9 uma celebra\u00e7\u00e3o de amor, alegria e inclus\u00e3o, onde os idosos e os jovens universit\u00e1rios compartilham momentos especiais e constroem mem\u00f3rias que ficar\u00e3o para sempre.&#8221;<\/p>\n<p>&nbsp;<\/p>\n<p>&nbsp;<\/p>\n<p>&nbsp;<\/p>\n<p>&nbsp;<\/p>\n<p>&nbsp;<\/p>\n","protected":false},"excerpt":{"rendered":"<p>O evento re\u00fane idosos e jovens universit\u00e1rios em uma festa de alegria e amor A Universidade da Maturidade (UMA), da Universidade Federal do Tocantins (UFT), e a Liga Acad\u00eamica de Geriatria e Gerontologia (LAGG) realizam nesta sexta-feira, 02, a partir das 17h, no terra\u00e7o da reitoria no C\u00e2mpus Palmas da UFT, o tradicional Arrai\u00e1 da [&hellip;]<\/p>\n","protected":false},"author":2,"featured_media":1351,"comment_status":"closed","ping_status":"closed","sticky":false,"template":"","format":"standard","meta":{"footnotes":""},"categories":[1],"tags":[],"_links":{"self":[{"href":"https:\/\/sites.uft.edu.br\/uma\/wp-json\/wp\/v2\/posts\/1350"}],"collection":[{"href":"https:\/\/sites.uft.edu.br\/uma\/wp-json\/wp\/v2\/posts"}],"about":[{"href":"https:\/\/sites.uft.edu.br\/uma\/wp-json\/wp\/v2\/types\/post"}],"author":[{"embeddable":true,"href":"https:\/\/sites.uft.edu.br\/uma\/wp-json\/wp\/v2\/users\/2"}],"replies":[{"embeddable":true,"href":"https:\/\/sites.uft.edu.br\/uma\/wp-json\/wp\/v2\/comments?post=1350"}],"version-history":[{"count":3,"href":"https:\/\/sites.uft.edu.br\/uma\/wp-json\/wp\/v2\/posts\/1350\/revisions"}],"predecessor-version":[{"id":1354,"href":"https:\/\/sites.uft.edu.br\/uma\/wp-json\/wp\/v2\/posts\/1350\/revisions\/1354"}],"wp:featuredmedia":[{"embeddable":true,"href":"https:\/\/sites.uft.edu.br\/uma\/wp-json\/wp\/v2\/media\/1351"}],"wp:attachment":[{"href":"https:\/\/sites.uft.edu.br\/uma\/wp-json\/wp\/v2\/media?parent=1350"}],"wp:term":[{"taxonomy":"category","embeddable":true,"href":"https:\/\/sites.uft.edu.br\/uma\/wp-json\/wp\/v2\/categories?post=1350"},{"taxonomy":"post_tag","embeddable":true,"href":"https:\/\/sites.uft.edu.br\/uma\/wp-json\/wp\/v2\/tags?post=1350"}],"curies":[{"name":"wp","href":"https:\/\/api.w.org\/{rel}","templated":true}]}}