{"id":1329,"date":"2023-04-19T21:54:55","date_gmt":"2023-04-20T00:54:55","guid":{"rendered":"http:\/\/sites.uft.edu.br\/uma\/?p=1329"},"modified":"2023-04-19T21:54:55","modified_gmt":"2023-04-20T00:54:55","slug":"universidade-da-maturidade-encerra-encontro-nacional-com-sarau-cultural-na-via-lago-em-araguaina","status":"publish","type":"post","link":"https:\/\/sites.uft.edu.br\/uma\/universidade-da-maturidade-encerra-encontro-nacional-com-sarau-cultural-na-via-lago-em-araguaina\/","title":{"rendered":"Universidade da Maturidade encerra Encontro Nacional com Sarau Cultural na Via Lago em Aragua\u00edna"},"content":{"rendered":"<p style=\"font-weight: 400;\"><em>Momento cultural ser\u00e1 realizado a partir das 18h desta quinta-feira e promete animar quem passar pelo cart\u00e3o postal<\/em><\/p>\n<p style=\"font-weight: 400;\">O Encontro Nacional da Universidade da Maturidade, que teve in\u00edcio nesta quarta-feira, 19, e segue at\u00e9 amanh\u00e3, 20, no audit\u00f3rio do UNITPAC, ser\u00e1 finalizado com um Sarau Cultural na Via Lago, em Aragua\u00edna, a partir das 18h desta quinta-feira, ap\u00f3s dois dias de intensos debates e exposi\u00e7\u00f5es de trabalhos cient\u00edficos.<\/p>\n<p style=\"font-weight: 400;\">O Sarau Cultural contar\u00e1 com trio el\u00e9trico com muita m\u00fasica, apresenta\u00e7\u00f5es culturais, dan\u00e7a e anima\u00e7\u00e3o dos mais de 300 acad\u00eamicos da UMA dos polos de Aragua\u00edna, Dian\u00f3polis, Palmas, Para\u00edso do Tocantins, Porto Nacional e Tocant\u00ednia, que est\u00e3o presentes no Encontro Nacional.<\/p>\n<p style=\"font-weight: 400;\">O coordenador da UMA, Dr. Luiz Sin\u00e9sio Neto, destaca que a Universidade da Maturidade tem o compromisso de oferecer uma educa\u00e7\u00e3o de qualidade e promover a integra\u00e7\u00e3o entre os seus polos. &#8220;Esse encontro \u00e9 uma oportunidade para os acad\u00eamicos trocarem experi\u00eancias e conhecimentos, al\u00e9m de participarem de atividades cient\u00edficas, culturais e de lazer&#8221;.<\/p>\n<p style=\"font-weight: 400;\"><strong>Cerim\u00f4nia de abertura<\/strong><\/p>\n<p style=\"font-weight: 400;\">A cerim\u00f4nia de abertura, realizada na manh\u00e3 desta quarta-feira, 19, contou com a participa\u00e7\u00e3o de autoridades municipais, estaduais e federais, que, em suas falas, destacaram a import\u00e2ncia do evento para a pessoa idosa e para a cidade de Aragua\u00edna.<\/p>\n<p style=\"font-weight: 400;\">Durante o evento, est\u00e3o sendo realizadas apresenta\u00e7\u00f5es culturais, mesas redondas e exposi\u00e7\u00f5es de trabalhos cient\u00edficos. Todas as atividades s\u00e3o desenvolvidas dentro das tem\u00e1ticas da educa\u00e7\u00e3o para idosos, sa\u00fade e bem-estar na velhice, diversidade e inclus\u00e3o das pessoas idosas na sociedade contempor\u00e2nea e outras abordagens relacionadas ao envelhecimento.<\/p>\n","protected":false},"excerpt":{"rendered":"<p>Momento cultural ser\u00e1 realizado a partir das 18h desta quinta-feira e promete animar quem passar pelo cart\u00e3o postal O Encontro Nacional da Universidade da Maturidade, que teve in\u00edcio nesta quarta-feira, 19, e segue at\u00e9 amanh\u00e3, 20, no audit\u00f3rio do UNITPAC, ser\u00e1 finalizado com um Sarau Cultural na Via Lago, em Aragua\u00edna, a partir das 18h [&hellip;]<\/p>\n","protected":false},"author":2,"featured_media":1330,"comment_status":"closed","ping_status":"closed","sticky":false,"template":"","format":"standard","meta":{"footnotes":""},"categories":[1],"tags":[],"_links":{"self":[{"href":"https:\/\/sites.uft.edu.br\/uma\/wp-json\/wp\/v2\/posts\/1329"}],"collection":[{"href":"https:\/\/sites.uft.edu.br\/uma\/wp-json\/wp\/v2\/posts"}],"about":[{"href":"https:\/\/sites.uft.edu.br\/uma\/wp-json\/wp\/v2\/types\/post"}],"author":[{"embeddable":true,"href":"https:\/\/sites.uft.edu.br\/uma\/wp-json\/wp\/v2\/users\/2"}],"replies":[{"embeddable":true,"href":"https:\/\/sites.uft.edu.br\/uma\/wp-json\/wp\/v2\/comments?post=1329"}],"version-history":[{"count":1,"href":"https:\/\/sites.uft.edu.br\/uma\/wp-json\/wp\/v2\/posts\/1329\/revisions"}],"predecessor-version":[{"id":1331,"href":"https:\/\/sites.uft.edu.br\/uma\/wp-json\/wp\/v2\/posts\/1329\/revisions\/1331"}],"wp:featuredmedia":[{"embeddable":true,"href":"https:\/\/sites.uft.edu.br\/uma\/wp-json\/wp\/v2\/media\/1330"}],"wp:attachment":[{"href":"https:\/\/sites.uft.edu.br\/uma\/wp-json\/wp\/v2\/media?parent=1329"}],"wp:term":[{"taxonomy":"category","embeddable":true,"href":"https:\/\/sites.uft.edu.br\/uma\/wp-json\/wp\/v2\/categories?post=1329"},{"taxonomy":"post_tag","embeddable":true,"href":"https:\/\/sites.uft.edu.br\/uma\/wp-json\/wp\/v2\/tags?post=1329"}],"curies":[{"name":"wp","href":"https:\/\/api.w.org\/{rel}","templated":true}]}}