{"id":1326,"date":"2023-04-17T16:05:45","date_gmt":"2023-04-17T19:05:45","guid":{"rendered":"http:\/\/sites.uft.edu.br\/uma\/?p=1326"},"modified":"2023-04-17T16:05:45","modified_gmt":"2023-04-17T19:05:45","slug":"universidade-da-maturidade-realizara-encontro-nacional-em-araguaina","status":"publish","type":"post","link":"https:\/\/sites.uft.edu.br\/uma\/universidade-da-maturidade-realizara-encontro-nacional-em-araguaina\/","title":{"rendered":"Universidade da Maturidade realizar\u00e1 encontro nacional em Aragua\u00edna"},"content":{"rendered":"<p style=\"font-weight: 400;\"><em>Evento ser\u00e1 realizado nos dias 19 e 20 e vai reunir acad\u00eamicos de todos os polos do programa<\/em><\/p>\n<p style=\"font-weight: 400;\">A Universidade da Maturidade (UMA) \u2013 Programa de Extens\u00e3o da Universidade Federal do Tocantins (UFT) \u2013 promover\u00e1, nos dias 19 e 20 deste m\u00eas, o Encontro Nacional da UMA, no audit\u00f3rio do UNITPAC, em Aragua\u00edna. Com o tema &#8220;Inova\u00e7\u00e3o e Protagonismo Social&#8221;, o encontro tem como objetivo a integra\u00e7\u00e3o dos polos do programa e contar\u00e1 com diversas atividades voltadas para a velhice relacionadas \u00e0 cultura, educa\u00e7\u00e3o e ci\u00eancia.<\/p>\n<p style=\"font-weight: 400;\">O evento contar\u00e1 com mesas-redondas, oficinas, apresenta\u00e7\u00f5es culturais e exposi\u00e7\u00f5es de trabalhos cient\u00edficos. Entre os temas abordados destacam-se: educa\u00e7\u00e3o para idosos, sa\u00fade e bem-estar na velhice, diversidade e inclus\u00e3o das pessoas idosas na sociedade contempor\u00e2nea, al\u00e9m de outras abordagens relacionadas ao envelhecimento.<\/p>\n<p style=\"font-weight: 400;\">De acordo com o coordenador da UMA, professor Dr. Luiz Sin\u00e9sio Neto, o encontro \u00e9 uma oportunidade para trocar conhecimentos e experi\u00eancias entre os participantes. Ele tamb\u00e9m destaca a import\u00e2ncia de eventos como esse para incentivar a participa\u00e7\u00e3o da terceira idade na sociedade e proporcionar oportunidades de aprendizado e desenvolvimento, al\u00e9m de fomentar a economia local, j\u00e1 que reunir\u00e1 mais de 400 participantes nos dois dias de evento.<\/p>\n<p style=\"font-weight: 400;\">Com transmiss\u00e3o pelo canal da UMA no YouTube (<a href=\"https:\/\/www.youtube.com\/@umauft\" data-saferedirecturl=\"https:\/\/www.google.com\/url?q=https:\/\/www.youtube.com\/@umauft&amp;source=gmail&amp;ust=1681844393144000&amp;usg=AOvVaw30auNZx9rUYbIhCkZfGpvY\">https:\/\/www.youtube.com\/@umauft<\/a>), o encontro faz parte de uma s\u00e9rie de atividades que est\u00e3o sendo realizadas durante todo este ano para celebrar uma d\u00e9cada do programa em Aragua\u00edna.<\/p>\n<p style=\"font-weight: 400;\"><strong>Universidade da Maturidade<\/strong><\/p>\n<p style=\"font-weight: 400;\">A UMA trabalha com a proposta pedag\u00f3gica voltada \u00e0 melhoria da qualidade de vida das pessoas adultas e idosas, e promove a integra\u00e7\u00e3o dos alunos com os estudantes de gradua\u00e7\u00e3o. Atualmente, a universidade est\u00e1 presente nas cidades de Aragua\u00edna, Dian\u00f3polis, Palmas, Porto Nacional, Para\u00edso do Tocantins, Tocant\u00ednia, Palmeir\u00f3polis, Cariri do Tocantins e em outros estados como Bahia e Mato Grosso do Sul.<\/p>\n","protected":false},"excerpt":{"rendered":"<p>Evento ser\u00e1 realizado nos dias 19 e 20 e vai reunir acad\u00eamicos de todos os polos do programa A Universidade da Maturidade (UMA) \u2013 Programa de Extens\u00e3o da Universidade Federal do Tocantins (UFT) \u2013 promover\u00e1, nos dias 19 e 20 deste m\u00eas, o Encontro Nacional da UMA, no audit\u00f3rio do UNITPAC, em Aragua\u00edna. Com o [&hellip;]<\/p>\n","protected":false},"author":2,"featured_media":1327,"comment_status":"closed","ping_status":"closed","sticky":false,"template":"","format":"standard","meta":{"footnotes":""},"categories":[1],"tags":[],"_links":{"self":[{"href":"https:\/\/sites.uft.edu.br\/uma\/wp-json\/wp\/v2\/posts\/1326"}],"collection":[{"href":"https:\/\/sites.uft.edu.br\/uma\/wp-json\/wp\/v2\/posts"}],"about":[{"href":"https:\/\/sites.uft.edu.br\/uma\/wp-json\/wp\/v2\/types\/post"}],"author":[{"embeddable":true,"href":"https:\/\/sites.uft.edu.br\/uma\/wp-json\/wp\/v2\/users\/2"}],"replies":[{"embeddable":true,"href":"https:\/\/sites.uft.edu.br\/uma\/wp-json\/wp\/v2\/comments?post=1326"}],"version-history":[{"count":1,"href":"https:\/\/sites.uft.edu.br\/uma\/wp-json\/wp\/v2\/posts\/1326\/revisions"}],"predecessor-version":[{"id":1328,"href":"https:\/\/sites.uft.edu.br\/uma\/wp-json\/wp\/v2\/posts\/1326\/revisions\/1328"}],"wp:featuredmedia":[{"embeddable":true,"href":"https:\/\/sites.uft.edu.br\/uma\/wp-json\/wp\/v2\/media\/1327"}],"wp:attachment":[{"href":"https:\/\/sites.uft.edu.br\/uma\/wp-json\/wp\/v2\/media?parent=1326"}],"wp:term":[{"taxonomy":"category","embeddable":true,"href":"https:\/\/sites.uft.edu.br\/uma\/wp-json\/wp\/v2\/categories?post=1326"},{"taxonomy":"post_tag","embeddable":true,"href":"https:\/\/sites.uft.edu.br\/uma\/wp-json\/wp\/v2\/tags?post=1326"}],"curies":[{"name":"wp","href":"https:\/\/api.w.org\/{rel}","templated":true}]}}