{"id":1316,"date":"2023-03-27T10:38:14","date_gmt":"2023-03-27T13:38:14","guid":{"rendered":"http:\/\/sites.uft.edu.br\/uma\/?p=1316"},"modified":"2023-03-27T10:38:14","modified_gmt":"2023-03-27T13:38:14","slug":"projeto-de-extensao-de-pedagogia-vai-alfabetizar-alunos-da-uma","status":"publish","type":"post","link":"https:\/\/sites.uft.edu.br\/uma\/projeto-de-extensao-de-pedagogia-vai-alfabetizar-alunos-da-uma\/","title":{"rendered":"Projeto de extens\u00e3o de Pedagogia vai alfabetizar alunos da UMA"},"content":{"rendered":"<p>Estudantes e docentes do curso de Pedagogia do Centro Universit\u00e1rio Cat\u00f3lica do Tocantins (UniCat\u00f3lica) deram o primeiro passo para execu\u00e7\u00e3o do Projeto de extens\u00e3o \u201cUMA Esta\u00e7\u00e3o Florescer\u201d, iniciativa que trata da cria\u00e7\u00e3o de um espa\u00e7o de acolhimento e desenvolvimento de habilidades e compet\u00eancias voltadas \u00e0 alfabetiza\u00e7\u00e3o e ao letramento das pessoas idosas da Universidade da Maturidade (UMA), da Universidade Federal do Tocantins (UFT).<\/p>\n<p>O Projeto ser\u00e1 dividido em turmas baseadas em tr\u00eas eixos: desenvolvimento da produ\u00e7\u00e3o textual, cursinho para o Exame Nacional para Certifica\u00e7\u00e3o de Compet\u00eancias de Jovens e Adultos (Encceja) e leitura e escrita digital.\u00a0<strong>As aulas come\u00e7am na primeira semana de abril<\/strong>\u00a0com intermedia\u00e7\u00e3o das estudantes do curso e supervis\u00e3o do professor mestre Andr\u00e9 Raposo, da coordenadora do curso de Pedagogia, professora doutora Rachel Bernardes, e da professora doutora, Patr\u00edcia Ferreira Nomellini.<\/p>\n<p>O professor mestre Andr\u00e9 Raposo explica como o projeto foi idealizado. \u201cNeste semestre, no curso de Pedagogia do UniCat\u00f3lica, os acad\u00eamicos est\u00e3o estudando um eixo que \u00e9 a Educa\u00e7\u00e3o Gerontol\u00f3gica. S\u00e3o aplicadas tr\u00eas partes, sendo a teoria, a pesquisa e a extens\u00e3o. Na extens\u00e3o, propomos este projeto de interven\u00e7\u00e3o com os alunos da UMA, no lan\u00e7amento conversamos com as pessoas idosas que o principal objetivo \u00e9 desenvolver compet\u00eancias voltadas ao letramento, a escrita, a interpreta\u00e7\u00e3o de textos e prepar\u00e1-los ao Encceja\u201d, relatou o professor.<\/p>\n<p>A coordenadora da UMA, Neila Os\u00f3rio, enfatiza como o projeto vai beneficiar os acad\u00eamicos. \u201cA parceria da Universidade da Maturidade (UMA) com o UniCat\u00f3lica vem para enriquecer o projeto, pois vai contribuir para alfabetiza\u00e7\u00e3o dessas pessoas que n\u00e3o tiveram oportunidade quando eram novos. Essa uma proposta inovadora que vai garantir ainda mais dignidade aos maduros\u201d, disse Neila.<\/p>\n","protected":false},"excerpt":{"rendered":"<p>Estudantes e docentes do curso de Pedagogia do Centro Universit\u00e1rio Cat\u00f3lica do Tocantins (UniCat\u00f3lica) deram o primeiro passo para execu\u00e7\u00e3o do Projeto de extens\u00e3o \u201cUMA Esta\u00e7\u00e3o Florescer\u201d, iniciativa que trata da cria\u00e7\u00e3o de um espa\u00e7o de acolhimento e desenvolvimento de habilidades e compet\u00eancias voltadas \u00e0 alfabetiza\u00e7\u00e3o e ao letramento das pessoas idosas da Universidade da [&hellip;]<\/p>\n","protected":false},"author":2,"featured_media":1318,"comment_status":"closed","ping_status":"closed","sticky":false,"template":"","format":"standard","meta":{"footnotes":""},"categories":[1],"tags":[],"_links":{"self":[{"href":"https:\/\/sites.uft.edu.br\/uma\/wp-json\/wp\/v2\/posts\/1316"}],"collection":[{"href":"https:\/\/sites.uft.edu.br\/uma\/wp-json\/wp\/v2\/posts"}],"about":[{"href":"https:\/\/sites.uft.edu.br\/uma\/wp-json\/wp\/v2\/types\/post"}],"author":[{"embeddable":true,"href":"https:\/\/sites.uft.edu.br\/uma\/wp-json\/wp\/v2\/users\/2"}],"replies":[{"embeddable":true,"href":"https:\/\/sites.uft.edu.br\/uma\/wp-json\/wp\/v2\/comments?post=1316"}],"version-history":[{"count":1,"href":"https:\/\/sites.uft.edu.br\/uma\/wp-json\/wp\/v2\/posts\/1316\/revisions"}],"predecessor-version":[{"id":1317,"href":"https:\/\/sites.uft.edu.br\/uma\/wp-json\/wp\/v2\/posts\/1316\/revisions\/1317"}],"wp:featuredmedia":[{"embeddable":true,"href":"https:\/\/sites.uft.edu.br\/uma\/wp-json\/wp\/v2\/media\/1318"}],"wp:attachment":[{"href":"https:\/\/sites.uft.edu.br\/uma\/wp-json\/wp\/v2\/media?parent=1316"}],"wp:term":[{"taxonomy":"category","embeddable":true,"href":"https:\/\/sites.uft.edu.br\/uma\/wp-json\/wp\/v2\/categories?post=1316"},{"taxonomy":"post_tag","embeddable":true,"href":"https:\/\/sites.uft.edu.br\/uma\/wp-json\/wp\/v2\/tags?post=1316"}],"curies":[{"name":"wp","href":"https:\/\/api.w.org\/{rel}","templated":true}]}}