{"id":1311,"date":"2023-03-21T15:44:03","date_gmt":"2023-03-21T18:44:03","guid":{"rendered":"http:\/\/sites.uft.edu.br\/uma\/?p=1311"},"modified":"2023-03-21T15:44:03","modified_gmt":"2023-03-21T18:44:03","slug":"aula-inaugural-do-polo-da-uma-na-universidade-estadual-de-mato-grosso-do-sul-foi-realizada-nessa-segunda-feira-20","status":"publish","type":"post","link":"https:\/\/sites.uft.edu.br\/uma\/aula-inaugural-do-polo-da-uma-na-universidade-estadual-de-mato-grosso-do-sul-foi-realizada-nessa-segunda-feira-20\/","title":{"rendered":"Aula inaugural do polo da UMA na Universidade Estadual de Mato Grosso do Sul foi realizada nessa segunda-feira, 20"},"content":{"rendered":"<p>Na tarde dessa segunda-feira, 20, foi realizada a aula inaugural do polo da Universidade da Maturidade (UMA) na Universidade Estadual de Mato Grosso do Sul (UEMS) em Campo Grande. Realizada pela coordenadora da UMA, Dra. Neila Os\u00f3rio, o evento reuniu mais de 400 pessoas, entre alunos e colaboradores, no audit\u00f3rio da unidade.<\/p>\n<p>A aula contou com a presen\u00e7a do reitor La\u00e9rcio Alves de Carvalho e da vice-reitora da UEMS, Celi Correa Neres, al\u00e9m de 40 autoridades parceiras do governo municipal, estadual e federal. As apresenta\u00e7\u00f5es culturais do Grupo Violeiros &#8211; Passageiros do Tempo e do Grupo feminino da dan\u00e7a, Luzes, animaram a tarde festiva.<\/p>\n<p>A UMA\/UEMS busca expandir os valores do ensino, pesquisa e extens\u00e3o por meio da coopera\u00e7\u00e3o t\u00e9cnica entre a UFT e a UEMS. O objetivo \u00e9 promover a educa\u00e7\u00e3o e a sa\u00fade intergeracional, criando um espa\u00e7o para todas as pessoas de todas as gera\u00e7\u00f5es na universidade.<\/p>\n<p>Djanires Lageano Neto, gerente da Unidade Campo Grande e coordenador do Projeto UMA\/UEMS, destacou a import\u00e2ncia do projeto para o estado de Mato Grosso do Sul, afirmando que a Universidade da Maturidade como tecnologia social vem transformar a institui\u00e7\u00e3o e dignificar a cidadania das pessoas que est\u00e3o envelhecendo no estado.<\/p>\n<p>O projeto UMA\/UEMS j\u00e1 come\u00e7a pujante, recebendo 500 mil reais por meio de emenda parlamentar para seu desenvolvimento inicial. As autoridades apoiadoras do projeto expressaram seu apre\u00e7o pela Universidade da Maturidade, agora uma realidade em MS, em agradecimento \u00e0 idealizadora nacional do projeto, Profa. Dra. Neila Barbosa Os\u00f3rio, por meio de uma parceria com a UEMS.<\/p>\n<p>O reitor La\u00e9rcio e a vice-reitora Celi destacaram o compromisso da UEMS em continuar servindo \u00e0 comunidade sul-mato-grossense e o carinho e apre\u00e7o pelo projeto, comprometendo-se em apoi\u00e1-lo e expandi-lo por todo o estado.<\/p>\n","protected":false},"excerpt":{"rendered":"<p>Na tarde dessa segunda-feira, 20, foi realizada a aula inaugural do polo da Universidade da Maturidade (UMA) na Universidade Estadual de Mato Grosso do Sul (UEMS) em Campo Grande. Realizada pela coordenadora da UMA, Dra. Neila Os\u00f3rio, o evento reuniu mais de 400 pessoas, entre alunos e colaboradores, no audit\u00f3rio da unidade. A aula contou [&hellip;]<\/p>\n","protected":false},"author":2,"featured_media":1312,"comment_status":"closed","ping_status":"closed","sticky":false,"template":"","format":"standard","meta":{"footnotes":""},"categories":[1],"tags":[],"_links":{"self":[{"href":"https:\/\/sites.uft.edu.br\/uma\/wp-json\/wp\/v2\/posts\/1311"}],"collection":[{"href":"https:\/\/sites.uft.edu.br\/uma\/wp-json\/wp\/v2\/posts"}],"about":[{"href":"https:\/\/sites.uft.edu.br\/uma\/wp-json\/wp\/v2\/types\/post"}],"author":[{"embeddable":true,"href":"https:\/\/sites.uft.edu.br\/uma\/wp-json\/wp\/v2\/users\/2"}],"replies":[{"embeddable":true,"href":"https:\/\/sites.uft.edu.br\/uma\/wp-json\/wp\/v2\/comments?post=1311"}],"version-history":[{"count":1,"href":"https:\/\/sites.uft.edu.br\/uma\/wp-json\/wp\/v2\/posts\/1311\/revisions"}],"predecessor-version":[{"id":1313,"href":"https:\/\/sites.uft.edu.br\/uma\/wp-json\/wp\/v2\/posts\/1311\/revisions\/1313"}],"wp:featuredmedia":[{"embeddable":true,"href":"https:\/\/sites.uft.edu.br\/uma\/wp-json\/wp\/v2\/media\/1312"}],"wp:attachment":[{"href":"https:\/\/sites.uft.edu.br\/uma\/wp-json\/wp\/v2\/media?parent=1311"}],"wp:term":[{"taxonomy":"category","embeddable":true,"href":"https:\/\/sites.uft.edu.br\/uma\/wp-json\/wp\/v2\/categories?post=1311"},{"taxonomy":"post_tag","embeddable":true,"href":"https:\/\/sites.uft.edu.br\/uma\/wp-json\/wp\/v2\/tags?post=1311"}],"curies":[{"name":"wp","href":"https:\/\/api.w.org\/{rel}","templated":true}]}}