{"id":1299,"date":"2023-03-06T13:05:02","date_gmt":"2023-03-06T16:05:02","guid":{"rendered":"http:\/\/sites.uft.edu.br\/uma\/?p=1299"},"modified":"2023-03-06T13:05:02","modified_gmt":"2023-03-06T16:05:02","slug":"polo-de-palmas-da-universidade-da-maturidade-esta-com-matriculas-abertas","status":"publish","type":"post","link":"https:\/\/sites.uft.edu.br\/uma\/polo-de-palmas-da-universidade-da-maturidade-esta-com-matriculas-abertas\/","title":{"rendered":"Polo de Palmas da Universidade da Maturidade est\u00e1 com matr\u00edculas abertas"},"content":{"rendered":"<p style=\"font-weight: 400;\"><em>Aulas acontecem no pr\u00e9dio da institui\u00e7\u00e3o, localizado no C\u00e2mpus Palmas da UFT<\/em><\/p>\n<p style=\"font-weight: 400;\">Est\u00e3o abertas, a partir desta segunda-feira, 06, as inscri\u00e7\u00f5es para ingresso na Universidade da Maturidade (UMA) da Universidade Federal do Tocantins (UFT), polo de Palmas. A UMA \u00e9 direcionada \u00e0 pessoas com idade igual ou superior a 45 anos e n\u00e3o h\u00e1 necessidade da pessoa ser alfabetizada.<\/p>\n<p style=\"font-weight: 400;\">Para realizar a matr\u00edcula, o interessado ou respons\u00e1vel deve apresentar os seguintes documentos pessoais: RG, CPF, t\u00edtulo de eleitor e comprovante de endere\u00e7o, em hor\u00e1rio comercial no pr\u00e9dio da institui\u00e7\u00e3o no C\u00e2mpus Palmas da UFT.<\/p>\n<p style=\"font-weight: 400;\">O coordenador da UMA, professor Luiz Sin\u00e9sio Neto, destaca que a universidade busca promover a inclus\u00e3o social, oferecendo uma educa\u00e7\u00e3o de qualidade para pessoas mais experientes. &#8220;Nossa universidade \u00e9 um espa\u00e7o para aprender e compartilhar experi\u00eancias. Acreditamos que a educa\u00e7\u00e3o n\u00e3o tem idade e que todos t\u00eam o direito de acess\u00e1-la. Por isso, oferecemos uma tecnologia social acess\u00edvel, para que essas pessoas possam desenvolver suas habilidades e aprender novas maneiras de viver&#8221;, afirma o coordenador.<\/p>\n<p style=\"font-weight: 400;\"><strong>Atividades<\/strong><\/p>\n<p style=\"font-weight: 400;\">As aulas da UMA acontecem no pr\u00e9dio da institui\u00e7\u00e3o, localizado no C\u00e2mpus Palmas da UFT, as segundas, ter\u00e7as e quartas-feiras, das 14 \u00e0s 17 horas. H\u00e1 tamb\u00e9m atividades no Laborat\u00f3rio de Exerc\u00edcio F\u00edsico e Envelhecimento Humano (LABEFE), al\u00e9m de atividades externas como passeio, visita \u00e0 escolas, eventos p\u00fablicos e blitz educativas. Mais informa\u00e7\u00f5es no telefone (63) 3229-4254.<\/p>\n<p style=\"font-weight: 400;\"><strong>A UMA<\/strong><\/p>\n<p style=\"font-weight: 400;\">A UMA trabalha com a proposta pedag\u00f3gica voltada \u00e0 melhoria da qualidade de vida da pessoa adulta e dos idosos, e promove a integra\u00e7\u00e3o dos alunos com os estudantes de gradua\u00e7\u00e3o. Atualmente, a universidade est\u00e1 presente nas cidades de Aragua\u00edna, Dian\u00f3polis, Palmas, Porto Nacional, Para\u00edso do Tocantins, Tocant\u00ednia, Palmeir\u00f3polis, Cariri do Tocantins e em outros estados como Bahia e Mato Grosso do Sul.<\/p>\n","protected":false},"excerpt":{"rendered":"<p>Aulas acontecem no pr\u00e9dio da institui\u00e7\u00e3o, localizado no C\u00e2mpus Palmas da UFT Est\u00e3o abertas, a partir desta segunda-feira, 06, as inscri\u00e7\u00f5es para ingresso na Universidade da Maturidade (UMA) da Universidade Federal do Tocantins (UFT), polo de Palmas. A UMA \u00e9 direcionada \u00e0 pessoas com idade igual ou superior a 45 anos e n\u00e3o h\u00e1 necessidade [&hellip;]<\/p>\n","protected":false},"author":2,"featured_media":1301,"comment_status":"closed","ping_status":"closed","sticky":false,"template":"","format":"standard","meta":{"footnotes":""},"categories":[1],"tags":[],"_links":{"self":[{"href":"https:\/\/sites.uft.edu.br\/uma\/wp-json\/wp\/v2\/posts\/1299"}],"collection":[{"href":"https:\/\/sites.uft.edu.br\/uma\/wp-json\/wp\/v2\/posts"}],"about":[{"href":"https:\/\/sites.uft.edu.br\/uma\/wp-json\/wp\/v2\/types\/post"}],"author":[{"embeddable":true,"href":"https:\/\/sites.uft.edu.br\/uma\/wp-json\/wp\/v2\/users\/2"}],"replies":[{"embeddable":true,"href":"https:\/\/sites.uft.edu.br\/uma\/wp-json\/wp\/v2\/comments?post=1299"}],"version-history":[{"count":1,"href":"https:\/\/sites.uft.edu.br\/uma\/wp-json\/wp\/v2\/posts\/1299\/revisions"}],"predecessor-version":[{"id":1302,"href":"https:\/\/sites.uft.edu.br\/uma\/wp-json\/wp\/v2\/posts\/1299\/revisions\/1302"}],"wp:featuredmedia":[{"embeddable":true,"href":"https:\/\/sites.uft.edu.br\/uma\/wp-json\/wp\/v2\/media\/1301"}],"wp:attachment":[{"href":"https:\/\/sites.uft.edu.br\/uma\/wp-json\/wp\/v2\/media?parent=1299"}],"wp:term":[{"taxonomy":"category","embeddable":true,"href":"https:\/\/sites.uft.edu.br\/uma\/wp-json\/wp\/v2\/categories?post=1299"},{"taxonomy":"post_tag","embeddable":true,"href":"https:\/\/sites.uft.edu.br\/uma\/wp-json\/wp\/v2\/tags?post=1299"}],"curies":[{"name":"wp","href":"https:\/\/api.w.org\/{rel}","templated":true}]}}