{"id":1260,"date":"2023-01-24T09:36:43","date_gmt":"2023-01-24T12:36:43","guid":{"rendered":"http:\/\/sites.uft.edu.br\/uma\/?p=1260"},"modified":"2023-01-24T09:50:55","modified_gmt":"2023-01-24T12:50:55","slug":"universidade-da-maturidade-celebra-dia-nacional-do-aposentado-com-lancamento-de-livro","status":"publish","type":"post","link":"https:\/\/sites.uft.edu.br\/uma\/universidade-da-maturidade-celebra-dia-nacional-do-aposentado-com-lancamento-de-livro\/","title":{"rendered":"Universidade da Maturidade celebra Dia Nacional do Aposentado com lan\u00e7amento de livro"},"content":{"rendered":"<p><em>Evento ser\u00e1 realizado no pr\u00e9dio da institui\u00e7\u00e3o, localizado no C\u00e2mpus Palmas da UFT<\/em><\/p>\n<p>Com o objetivo de celebrar o Dia Nacional do Aposentado, comemorado anualmente no dia 24 de janeiro, a Universidade da Maturidade (UMA), da Universidade Federal do Tocantins (UFT), realizar\u00e1 nesta ter\u00e7a-feira, partir das 14h, o lan\u00e7amento do livro \u201cUniversidade da Maturidade e Professora Neila Os\u00f3rio: Narrativas pelo o olhar do Caboclo Marajoara Agostinho Quintino\u201d. O evento ser\u00e1 realizado no pr\u00e9dio da institui\u00e7\u00e3o, localizado no C\u00e2mpus Palmas da UFT, com transmiss\u00e3o pelo canal no (<a href=\"http:\/\/Youtube\" target=\"_blank\" rel=\"noopener\">YouTube https:\/\/www.youtube.com\/@umauft<\/a>).<\/p>\n<p>O livro aborda as viv\u00eancias que o poeta, cantor e compositor Agostinho Quintino Batista, teve em sua inf\u00e2ncia e tamb\u00e9m os aprendizados e a conviv\u00eancia com a professora Neila Os\u00f3rio enquanto acad\u00eamico da UMA. A obra est\u00e1 dispon\u00edvel no site www.uft.edu.br\/uma na aba reposit\u00f3rio.<\/p>\n<p>Tamb\u00e9m como programa\u00e7\u00e3o, ser\u00e1 realizada a entrega dos certificados para os participantes do Curso de Extens\u00e3o Piloto para Forma\u00e7\u00e3o de Brinquedistas, que foi ofertado pela UMA no ano passado e que teve o objetivo de oferecer forma\u00e7\u00e3o te\u00f3rica e pr\u00e1tica aos trabalhadores que ocupam as brinquedotecas, com a finalidade de profissionalizar e contribuir socialmente, fomentando o conhecimento como base para um atendimento de qualidade e humanit\u00e1rio.<\/p>\n<p>De acordo com o coordenador da UMA, professor doutor Luiz Sin\u00e9sio Neto, celebrar o dia nacional do aposentado \u00e9 uma forma de valorizar essa parcela da sociedade que muito contribuiu para o desenvolvimento do pa\u00eds. \u201cO Dia Nacional do Aposentado j\u00e1 faz parte do calend\u00e1rio de eventos da UMA, pois reconhecemos e valorizamos esses cidad\u00e3os. Na UMA celebramos sempre com muita m\u00fasica, cultura e aprendizagens\u201d.<\/p>\n<p><strong>Dia Nacional do Aposentado<\/strong><\/p>\n<p>A data foi escolhida para lembrar e comemorar o hist\u00f3rico dia em que foi aprovada a Lei Eloy Chaves, em 24 de janeiro de 1923, marco lend\u00e1rio da Previd\u00eancia Social no Brasil. Essa lei criou a Caixa de Aposentadoria e Pens\u00e3o para os empregados das empresas privadas das estradas de ferro, dando origem \u00e0 Previd\u00eancia Social, que hoje paga benef\u00edcios a mais de 29 milh\u00f5es de pessoas, chegando a 100 milh\u00f5es de brasileiros.<\/p>\n<p>&nbsp;<\/p>\n","protected":false},"excerpt":{"rendered":"<p>Evento ser\u00e1 realizado no pr\u00e9dio da institui\u00e7\u00e3o, localizado no C\u00e2mpus Palmas da UFT Com o objetivo de celebrar o Dia Nacional do Aposentado, comemorado anualmente no dia 24 de janeiro, a Universidade da Maturidade (UMA), da Universidade Federal do Tocantins (UFT), realizar\u00e1 nesta ter\u00e7a-feira, partir das 14h, o lan\u00e7amento do livro \u201cUniversidade da Maturidade e [&hellip;]<\/p>\n","protected":false},"author":2,"featured_media":1263,"comment_status":"closed","ping_status":"closed","sticky":false,"template":"","format":"standard","meta":{"footnotes":""},"categories":[1],"tags":[],"_links":{"self":[{"href":"https:\/\/sites.uft.edu.br\/uma\/wp-json\/wp\/v2\/posts\/1260"}],"collection":[{"href":"https:\/\/sites.uft.edu.br\/uma\/wp-json\/wp\/v2\/posts"}],"about":[{"href":"https:\/\/sites.uft.edu.br\/uma\/wp-json\/wp\/v2\/types\/post"}],"author":[{"embeddable":true,"href":"https:\/\/sites.uft.edu.br\/uma\/wp-json\/wp\/v2\/users\/2"}],"replies":[{"embeddable":true,"href":"https:\/\/sites.uft.edu.br\/uma\/wp-json\/wp\/v2\/comments?post=1260"}],"version-history":[{"count":2,"href":"https:\/\/sites.uft.edu.br\/uma\/wp-json\/wp\/v2\/posts\/1260\/revisions"}],"predecessor-version":[{"id":1264,"href":"https:\/\/sites.uft.edu.br\/uma\/wp-json\/wp\/v2\/posts\/1260\/revisions\/1264"}],"wp:featuredmedia":[{"embeddable":true,"href":"https:\/\/sites.uft.edu.br\/uma\/wp-json\/wp\/v2\/media\/1263"}],"wp:attachment":[{"href":"https:\/\/sites.uft.edu.br\/uma\/wp-json\/wp\/v2\/media?parent=1260"}],"wp:term":[{"taxonomy":"category","embeddable":true,"href":"https:\/\/sites.uft.edu.br\/uma\/wp-json\/wp\/v2\/categories?post=1260"},{"taxonomy":"post_tag","embeddable":true,"href":"https:\/\/sites.uft.edu.br\/uma\/wp-json\/wp\/v2\/tags?post=1260"}],"curies":[{"name":"wp","href":"https:\/\/api.w.org\/{rel}","templated":true}]}}