{"id":1244,"date":"2023-01-19T08:46:03","date_gmt":"2023-01-19T11:46:03","guid":{"rendered":"http:\/\/sites.uft.edu.br\/uma\/?p=1244"},"modified":"2023-01-19T08:46:03","modified_gmt":"2023-01-19T11:46:03","slug":"universidade-da-maturidade-de-araguaina-abre-inscricoes-para-2023","status":"publish","type":"post","link":"https:\/\/sites.uft.edu.br\/uma\/universidade-da-maturidade-de-araguaina-abre-inscricoes-para-2023\/","title":{"rendered":"Universidade da Maturidade de Aragua\u00edna abre inscri\u00e7\u00f5es para 2023"},"content":{"rendered":"<p><em>Matr\u00edculas seguem at\u00e9 o dia 8 de fevereiro e podem ser feitas no anexo da Secretaria da Educa\u00e7\u00e3o de Aragua\u00edna, no Setor Rodovi\u00e1rio<\/em><\/p>\n<p>A UMA (Universidade da Maturidade de Aragua\u00edna), vinculada \u00e0 UFT (Universidade Federal do Tocantins), est\u00e1 com inscri\u00e7\u00f5es abertas at\u00e9 o dia 8 de fevereiro para alunos a partir dos 45 anos. Os interessados devem fazer as matr\u00edculas, presencialmente, no anexo da Secretaria da Educa\u00e7\u00e3o de Aragua\u00edna, localizado na Rua Goian\u00e9sia, n\u00ba 265, no Setor Rodovi\u00e1rio, das 8 \u00e0s 12 horas e das 14 \u00e0s 17 horas. Para fazer a inscri\u00e7\u00e3o \u00e9 preciso apresentar RG, CPF e comprovante de endere\u00e7o.<\/p>\n<p>O coordenador da UMA, Luiz Sin\u00e9sio Neto, lembra que a institui\u00e7\u00e3o \u00e9 totalmente gratuita e que o aluno n\u00e3o precisa saber ler ou escrever. Ele destaca que, para 2023, a UMA est\u00e1 preparando uma s\u00e9rie de a\u00e7\u00f5es que ser\u00e3o realizadas na cidade a partir da agenda chamada \u201cUMA d\u00e9cada de educa\u00e7\u00e3o e justi\u00e7a social em Aragua\u00edna\u201d.<\/p>\n<p>\u201cEm 2023, a UMA celebra 11 anos de atua\u00e7\u00e3o na cidade de Aragua\u00edna. \u00c9 um projeto consolidado na cidade e foi abra\u00e7ado n\u00e3o somente pelos idosos e seus familiares, mas tamb\u00e9m por toda a sociedade araguainense. A gest\u00e3o municipal \u00e9 uma grande parceira do projeto\u201d, disse o coordenador.<\/p>\n<p>A secret\u00e1ria da Educa\u00e7\u00e3o de Aragua\u00edna, Eliz\u00e2ngela Moura, refor\u00e7a que os alunos da UMA s\u00e3o sempre presentes e muito participativos nas atividades educacionais do Munic\u00edpio, dando um exemplo para a sociedade. \u201cEles s\u00e3o animados, bem-humorados e d\u00e3o uma verdadeira aula de como a educa\u00e7\u00e3o \u00e9 inclusiva, libertadora e transformadora. Nunca \u00e9 tarde para manter a cabe\u00e7a ativa e aprendendo cada vez mais\u201d.<\/p>\n<p><strong>Como s\u00e3o as aulas<\/strong><br \/>\nAs aulas da UMA acontecem no CEU (Centro de Esporte Unificado), no setor Aragua\u00edna Sul, \u00e0s segundas e quartas-feiras, das 14 \u00e0s 17 horas. H\u00e1 tamb\u00e9m atividades de inclus\u00e3o digital realizadas na Biblioteca Municipal \u00e0s quintas-feiras, das 14 \u00e0s 15h30.<\/p>\n<p>Os alunos tamb\u00e9m participam de aulas pr\u00e1ticas a partir de visitas t\u00e9cnicas no Centro Universit\u00e1rio UNITPAC, passeios em viveiros, a\u00e7\u00f5es em datas comemorativas com participa\u00e7\u00f5es de apresenta\u00e7\u00f5es de dan\u00e7a, atividades na Via lago, Parque Cimba, blitzen educativas de educa\u00e7\u00e3o no tr\u00e2nsito, entre outras a\u00e7\u00f5es de datas festivas em ch\u00e1caras da regi\u00e3o.<\/p>\n<p><strong>Conhe\u00e7a mais<\/strong><br \/>\nA UMA trabalha com a proposta pedag\u00f3gica voltada \u00e0 melhoria da qualidade de vida da pessoa adulta e dos idosos, e promove a integra\u00e7\u00e3o dos alunos com os estudantes de gradua\u00e7\u00e3o. Atualmente, a universidade est\u00e1 presente nas cidades de Aragua\u00edna, Dian\u00f3polis, Palmas, Porto Nacional, Para\u00edso do Tocantins, Tocant\u00ednia, Palmeir\u00f3polis, Cariri do Tocantins e em outros estados como Bahia e Mato Grosso do Sul.<\/p>\n<p>&nbsp;<\/p>\n<p><strong>Ricardo Sottero |\u00a0Foto: Marcos Filho Sandes\/Secom<\/strong><\/p>\n","protected":false},"excerpt":{"rendered":"<p>Matr\u00edculas seguem at\u00e9 o dia 8 de fevereiro e podem ser feitas no anexo da Secretaria da Educa\u00e7\u00e3o de Aragua\u00edna, no Setor Rodovi\u00e1rio A UMA (Universidade da Maturidade de Aragua\u00edna), vinculada \u00e0 UFT (Universidade Federal do Tocantins), est\u00e1 com inscri\u00e7\u00f5es abertas at\u00e9 o dia 8 de fevereiro para alunos a partir dos 45 anos. Os [&hellip;]<\/p>\n","protected":false},"author":2,"featured_media":1245,"comment_status":"closed","ping_status":"closed","sticky":false,"template":"","format":"standard","meta":{"footnotes":""},"categories":[1],"tags":[],"_links":{"self":[{"href":"https:\/\/sites.uft.edu.br\/uma\/wp-json\/wp\/v2\/posts\/1244"}],"collection":[{"href":"https:\/\/sites.uft.edu.br\/uma\/wp-json\/wp\/v2\/posts"}],"about":[{"href":"https:\/\/sites.uft.edu.br\/uma\/wp-json\/wp\/v2\/types\/post"}],"author":[{"embeddable":true,"href":"https:\/\/sites.uft.edu.br\/uma\/wp-json\/wp\/v2\/users\/2"}],"replies":[{"embeddable":true,"href":"https:\/\/sites.uft.edu.br\/uma\/wp-json\/wp\/v2\/comments?post=1244"}],"version-history":[{"count":1,"href":"https:\/\/sites.uft.edu.br\/uma\/wp-json\/wp\/v2\/posts\/1244\/revisions"}],"predecessor-version":[{"id":1246,"href":"https:\/\/sites.uft.edu.br\/uma\/wp-json\/wp\/v2\/posts\/1244\/revisions\/1246"}],"wp:featuredmedia":[{"embeddable":true,"href":"https:\/\/sites.uft.edu.br\/uma\/wp-json\/wp\/v2\/media\/1245"}],"wp:attachment":[{"href":"https:\/\/sites.uft.edu.br\/uma\/wp-json\/wp\/v2\/media?parent=1244"}],"wp:term":[{"taxonomy":"category","embeddable":true,"href":"https:\/\/sites.uft.edu.br\/uma\/wp-json\/wp\/v2\/categories?post=1244"},{"taxonomy":"post_tag","embeddable":true,"href":"https:\/\/sites.uft.edu.br\/uma\/wp-json\/wp\/v2\/tags?post=1244"}],"curies":[{"name":"wp","href":"https:\/\/api.w.org\/{rel}","templated":true}]}}