{"id":1241,"date":"2023-01-15T15:17:08","date_gmt":"2023-01-15T18:17:08","guid":{"rendered":"http:\/\/sites.uft.edu.br\/uma\/?p=1241"},"modified":"2023-01-17T15:43:33","modified_gmt":"2023-01-17T18:43:33","slug":"polo-da-uma-de-dianopolis-esta-com-inscricoes-abertas-interessados-devem-ir-ate-a-semed","status":"publish","type":"post","link":"https:\/\/sites.uft.edu.br\/uma\/polo-da-uma-de-dianopolis-esta-com-inscricoes-abertas-interessados-devem-ir-ate-a-semed\/","title":{"rendered":"Polo da UMA de Dian\u00f3polis est\u00e1 com inscri\u00e7\u00f5es abertas; interessados devem ir at\u00e9 \u00e0 Semed"},"content":{"rendered":"<p>Est\u00e3o abertas, a partir desta segunda-feira, 16, as inscri\u00e7\u00f5es para a Universidade da Maturidade (UMA) \u2013 polo Dian\u00f3polis para voc\u00ea que tem idade igual ou superior a 50 anos. Para realizar a sua inscri\u00e7\u00e3o, basta se dirigir at\u00e9 a sede da Secretaria Municipal de Educa\u00e7\u00e3o (Semed) com seu documento original de RG e CPF, das 8h \u00e0s 12h. A inscri\u00e7\u00e3o seguir\u00e1 at\u00e9 o dia 20 de janeiro.<\/p>\n<p>A Prefeitura de Dian\u00f3polis, por meio da Semed, \u00e9 parceira da UMA, que \u00e9 um projeto de extens\u00e3o da Universidade Federal do Tocantins (UFT) que, visa promover a qualidade de vida no processo de envelhecimento humano.<\/p>\n<p>Por: Ascom\/Prefeitura de Dian\u00f3polis<\/p>\n","protected":false},"excerpt":{"rendered":"<p>Est\u00e3o abertas, a partir desta segunda-feira, 16, as inscri\u00e7\u00f5es para a Universidade da Maturidade (UMA) \u2013 polo Dian\u00f3polis para voc\u00ea que tem idade igual ou superior a 50 anos. Para realizar a sua inscri\u00e7\u00e3o, basta se dirigir at\u00e9 a sede da Secretaria Municipal de Educa\u00e7\u00e3o (Semed) com seu documento original de RG e CPF, das [&hellip;]<\/p>\n","protected":false},"author":2,"featured_media":1242,"comment_status":"closed","ping_status":"closed","sticky":false,"template":"","format":"standard","meta":{"footnotes":""},"categories":[1],"tags":[],"_links":{"self":[{"href":"https:\/\/sites.uft.edu.br\/uma\/wp-json\/wp\/v2\/posts\/1241"}],"collection":[{"href":"https:\/\/sites.uft.edu.br\/uma\/wp-json\/wp\/v2\/posts"}],"about":[{"href":"https:\/\/sites.uft.edu.br\/uma\/wp-json\/wp\/v2\/types\/post"}],"author":[{"embeddable":true,"href":"https:\/\/sites.uft.edu.br\/uma\/wp-json\/wp\/v2\/users\/2"}],"replies":[{"embeddable":true,"href":"https:\/\/sites.uft.edu.br\/uma\/wp-json\/wp\/v2\/comments?post=1241"}],"version-history":[{"count":1,"href":"https:\/\/sites.uft.edu.br\/uma\/wp-json\/wp\/v2\/posts\/1241\/revisions"}],"predecessor-version":[{"id":1243,"href":"https:\/\/sites.uft.edu.br\/uma\/wp-json\/wp\/v2\/posts\/1241\/revisions\/1243"}],"wp:featuredmedia":[{"embeddable":true,"href":"https:\/\/sites.uft.edu.br\/uma\/wp-json\/wp\/v2\/media\/1242"}],"wp:attachment":[{"href":"https:\/\/sites.uft.edu.br\/uma\/wp-json\/wp\/v2\/media?parent=1241"}],"wp:term":[{"taxonomy":"category","embeddable":true,"href":"https:\/\/sites.uft.edu.br\/uma\/wp-json\/wp\/v2\/categories?post=1241"},{"taxonomy":"post_tag","embeddable":true,"href":"https:\/\/sites.uft.edu.br\/uma\/wp-json\/wp\/v2\/tags?post=1241"}],"curies":[{"name":"wp","href":"https:\/\/api.w.org\/{rel}","templated":true}]}}