{"id":1238,"date":"2023-01-09T15:13:04","date_gmt":"2023-01-09T18:13:04","guid":{"rendered":"http:\/\/sites.uft.edu.br\/uma\/?p=1238"},"modified":"2023-01-17T15:16:13","modified_gmt":"2023-01-17T18:16:13","slug":"inscricoes-para-o-polo-da-uma-de-porto-nacional-se-estendem-ate-o-proximo-dia-30-de-janeiro","status":"publish","type":"post","link":"https:\/\/sites.uft.edu.br\/uma\/inscricoes-para-o-polo-da-uma-de-porto-nacional-se-estendem-ate-o-proximo-dia-30-de-janeiro\/","title":{"rendered":"Inscri\u00e7\u00f5es para o polo da UMA de Porto Nacional se estendem at\u00e9 o pr\u00f3ximo dia 30 de janeiro"},"content":{"rendered":"<p>A Universidade da Maturidade &#8211; UMA, programa de extens\u00e3o da Universidade Federal do Tocantins &#8211; UFT e a Prefeitura de Porto Nacional, prorrogaram para at\u00e9 o dia 30 de janeiro, as inscri\u00e7\u00f5es de in\u00edcio da terceira turma do programa. Os interessados devem ter idade igual ou superior a 45 anos, j\u00e1 as inscri\u00e7\u00f5es devem ser realizadas na Secretaria de Assist\u00eancia Social e Habita\u00e7\u00e3o \u2013 SEMAS; CRAS Uni\u00e3o, no setor Vila Nova; CRAS Esperan\u00e7a, no setor Brigadeiro; N\u00facleo de Assist\u00eancia Social ou por meio do link:\u00a0<a href=\"https:\/\/forms.gle\/AthQb56Xb3efc6587.\">https:\/\/forms.gle\/AthQb56Xb3efc6587.<\/a>\u00a0As aulas devem acontecer no Centro de P\u00f3s Gradua\u00e7\u00e3o, Extens\u00e3o e Cultura da UFT Centro.<\/p>\n<p>Nesta segunda-feira, 09, foi realizada na sede da SEMAS, uma reuni\u00e3o pedag\u00f3gica para a defini\u00e7\u00e3o dos \u00faltimos detalhes para o in\u00edcio da pr\u00f3xima turma da UMA. Criada em 13 de fevereiro de 2006, a Universidade da Maturidade j\u00e1 formou mais de seis mil idosos em 10 cidades do pa\u00eds.<\/p>\n<p>Durante a reuni\u00e3o de alinhamento, a superintendente da SEMAS, Cynthia Souza Oliveira, pontuou que o projeto \u00e9 essencial. \u201cS\u00e3o parcerias como essa que n\u00f3s enquanto secretaria de Assist\u00eancia Social e Habita\u00e7\u00e3o queremos fortalecer a cada dia, esse projeto de tecnologia social educacional oportuniza aos nossos acad\u00eamicos uma vis\u00e3o de significado a velhice que \u00e9 uma fase importante da vida\u201d, pontuou a superintendente.<\/p>\n<p><em><strong>Por: Mychelle Tauane<br \/>\nSecretaria Municipal da Comunica\u00e7\u00e3o<\/strong><\/em><\/p>\n","protected":false},"excerpt":{"rendered":"<p>A Universidade da Maturidade &#8211; UMA, programa de extens\u00e3o da Universidade Federal do Tocantins &#8211; UFT e a Prefeitura de Porto Nacional, prorrogaram para at\u00e9 o dia 30 de janeiro, as inscri\u00e7\u00f5es de in\u00edcio da terceira turma do programa. Os interessados devem ter idade igual ou superior a 45 anos, j\u00e1 as inscri\u00e7\u00f5es devem ser [&hellip;]<\/p>\n","protected":false},"author":2,"featured_media":1239,"comment_status":"closed","ping_status":"closed","sticky":false,"template":"","format":"standard","meta":{"footnotes":""},"categories":[1],"tags":[],"_links":{"self":[{"href":"https:\/\/sites.uft.edu.br\/uma\/wp-json\/wp\/v2\/posts\/1238"}],"collection":[{"href":"https:\/\/sites.uft.edu.br\/uma\/wp-json\/wp\/v2\/posts"}],"about":[{"href":"https:\/\/sites.uft.edu.br\/uma\/wp-json\/wp\/v2\/types\/post"}],"author":[{"embeddable":true,"href":"https:\/\/sites.uft.edu.br\/uma\/wp-json\/wp\/v2\/users\/2"}],"replies":[{"embeddable":true,"href":"https:\/\/sites.uft.edu.br\/uma\/wp-json\/wp\/v2\/comments?post=1238"}],"version-history":[{"count":1,"href":"https:\/\/sites.uft.edu.br\/uma\/wp-json\/wp\/v2\/posts\/1238\/revisions"}],"predecessor-version":[{"id":1240,"href":"https:\/\/sites.uft.edu.br\/uma\/wp-json\/wp\/v2\/posts\/1238\/revisions\/1240"}],"wp:featuredmedia":[{"embeddable":true,"href":"https:\/\/sites.uft.edu.br\/uma\/wp-json\/wp\/v2\/media\/1239"}],"wp:attachment":[{"href":"https:\/\/sites.uft.edu.br\/uma\/wp-json\/wp\/v2\/media?parent=1238"}],"wp:term":[{"taxonomy":"category","embeddable":true,"href":"https:\/\/sites.uft.edu.br\/uma\/wp-json\/wp\/v2\/categories?post=1238"},{"taxonomy":"post_tag","embeddable":true,"href":"https:\/\/sites.uft.edu.br\/uma\/wp-json\/wp\/v2\/tags?post=1238"}],"curies":[{"name":"wp","href":"https:\/\/api.w.org\/{rel}","templated":true}]}}